{"id":44934,"date":"2014-07-27T10:00:30","date_gmt":"2014-07-27T10:00:30","guid":{"rendered":"http:\/\/www.eoisabi.org\/?p=44934"},"modified":"2023-08-25T21:59:39","modified_gmt":"2023-08-25T21:59:39","slug":"flamenco-dance","status":"publish","type":"post","link":"https:\/\/englishroam.com\/?p=44934","title":{"rendered":"Flamenco dance"},"content":{"rendered":"<p style=\"text-align: justify;\"><a href=\"https:\/\/www.youtube.com\/watch?v=-7FIj6B-mqk\" target=\"_blank\" rel=\"noopener noreferrer\"><img loading=\"lazy\" decoding=\"async\" class=\"alignright size-full wp-image-46352\" src=\"http:\/\/www.eoisabi.org\/wp-content\/uploads\/2012\/08\/M_Juncal.jpg\" alt=\"M_Juncal\" width=\"170\" height=\"255\" srcset=\"https:\/\/englishroam.com\/wp-content\/uploads\/2012\/08\/M_Juncal.jpg 170w, https:\/\/englishroam.com\/wp-content\/uploads\/2012\/08\/M_Juncal-100x150.jpg 100w\" sizes=\"auto, (max-width: 170px) 100vw, 170px\" \/><\/a><\/p>\n<p style=\"text-align: center;\"><span style=\"color: #003300;\">\u2234<\/span><\/p>\n<p style=\"text-align: justify;\"><span style=\"color: #003300;\">Hailing from southern Spain&#8217;s outcast populations, flamenco dance and music drew early influences from Greek and Roman and later from Indian, Moorish, and Jewish cultures. With the arrival of the Moorish and Jewish populations to the Iberian peninsula centuries ago, Andalusia&#8217;s already thriving music and dance inadvertently began extracting characteristics from the newly-arrived populations.<\/span><\/p>\n<p style=\"text-align: center;\"><span style=\"color: #003300;\">\u2234<\/span><\/p>\n<p style=\"text-align: justify;\"><span style=\"color: #003300;\">The flamenco dance and music that we see today are the dazzling results of centuries of absorbing and flawlessly sewing together elements of this myriad of diverse cultures.<\/span><\/p>\n<p><iframe loading=\"lazy\" src=\"https:\/\/www.youtube.com\/embed\/ABCgtP2upSI\" width=\"480\" height=\"360\" frameborder=\"0\" allowfullscreen=\"allowfullscreen\"><\/iframe><\/p>\n<h6 style=\"text-align: center;\"><a href=\"https:\/\/www.enforex.com\/culture\/flamenco.html\" target=\"_blank\" rel=\"noopener noreferrer\"><img loading=\"lazy\" decoding=\"async\" class=\"aligncenter  wp-image-24955\" src=\"http:\/\/englishroam.com\/wp-content\/uploads\/2012\/03\/bailaora.gif\" alt=\"\" width=\"221\" height=\"280\" \/><\/a><\/h6>\n<h6 style=\"text-align: center;\"><span style=\"color: #808000;\">\u2666 \u25ca\u00a0 \u00a0<span style=\"color: #808000;\">FLAMENCO, FLAMENCO<\/span>\u00a0 \u00a0[2010] \u00a0\u2193 \u00a0[clips]<\/span><\/h6>\n<p style=\"text-align: justify;\"><span style=\"color: #808000;\">15 years after <em>&#8216;Flamenco&#8217;<\/em>, <strong>Carlos<\/strong>\u00a0<strong>Saura<\/strong> returns brilliantly to a favoured subject and comes up with this sequel, &#8216;<em><strong>FLAMENCO, FLAMENCO&#8217;<\/strong><\/em>,\u00a0which simply captures 21 brief, masterful flamenco performances.\u00a0With famed cinematographer Vittorio Storaro (<em>Apocalypse Now<\/em>,\u00a0<em>The Last Emperor<\/em>) behind the camera, Saura makes ingenious use of backdrops and scrims, each decorated as grand paintings and all framing the Flamenco dancers, singers, guitarists and other musicians who take the stage to reinterpret flamenco and all its sub-genres.<\/span><\/p>\n<p><iframe loading=\"lazy\" src=\"https:\/\/www.youtube.com\/embed\/2ffrbCAA4-8\" width=\"560\" height=\"315\" frameborder=\"0\" allowfullscreen=\"allowfullscreen\"><\/iframe><\/p>\n<p><strong>\u2207\u00a0 \u00a0 El Tiempo \u00a0\u2193 \u00a0Juan Carlos Romero<\/strong><\/p>\n<p><iframe loading=\"lazy\" src=\"https:\/\/www.youtube.com\/embed\/mxzM9exh7x4\" width=\"560\" height=\"315\" frameborder=\"0\" allowfullscreen=\"allowfullscreen\"><\/iframe><\/p>\n<p><strong>\u2207\u00a0 Israel Galv\u00e1n\u00a0 \u21d3<\/strong><\/p>\n<p><iframe loading=\"lazy\" src=\"https:\/\/www.youtube.com\/embed\/QsDhbpdWBJQ\" width=\"560\" height=\"315\" frameborder=\"0\" allowfullscreen=\"allowfullscreen\"><\/iframe><\/p>\n<p><strong>\u2207\u00a0 \u00a0Buler\u00edas \u00a0\u2193 \u00a0<a href=\"http:\/\/elcarpeta.com\/English%20Version\/Biographie.html\" target=\"_blank\" rel=\"noopener noreferrer\">Carpeta<\/a><\/strong><\/p>\n<p><iframe loading=\"lazy\" src=\"https:\/\/www.youtube.com\/embed\/hXvpE6drxbs\" width=\"560\" height=\"315\" frameborder=\"0\" allowfullscreen=\"allowfullscreen\"><\/iframe><\/p>\n<p><strong>\u2207\u00a0 \u00a0Alegr\u00edas \u00a0\u2193 \u00a0Sara Baras<\/strong><\/p>\n<p><iframe loading=\"lazy\" src=\"https:\/\/www.youtube.com\/embed\/LN7PqM8qMK8\" width=\"560\" height=\"315\" frameborder=\"0\" allowfullscreen=\"allowfullscreen\"><\/iframe><\/p>\n<p style=\"text-align: justify;\"><span style=\"color: #003300;\">Sara Pereyra Baras,\u00a0born in San Fernando, Cadiz, \u00a0began studying dance at her mother\u2019s school (Concha Bara) when she was just eight years old.<\/span><\/p>\n<p style=\"text-align: justify;\"><span style=\"color: #003300;\">In 1997, <strong>Sara Baras<\/strong> presented her own company, with great critical and public success, at the closing of the 37<sup>th<\/sup> Festival de Flamenco del Cante de las Minas. On April 2, 1998, with her company composed of herself, seven dancers and seven musicians, Sara launched a show entitled <em>Sensaciones (<\/em>sensations),\u00a0an exploration of the diverse forms of flamenco.<\/span><\/p>\n<p style=\"text-align: justify;\"><span style=\"color: #003300;\">Sara Baras is a popular personality, \u00a0constantly present in the world of the performing arts and in spheres quite unrelated to dance. Spain\u2019s National Coinage and Stamp Factory used her image in a series of postage stamps that were presented at the World Philatelic Exhibition that took place in Madrid. She has modeled on runways for the fashion designer Amaya Arzuagea, and she has presented, together with members of her company, a lingerie collection for Triumph. Her image was also used by Cartier. She was even named <em>\u201cthe face of Andalusia\u201d<\/em> as tourist ambassador of her home region.<\/span><\/p>\n<p style=\"text-align: justify;\"><span style=\"color: #003300;\">She<strong>\u00a0<\/strong>seems to have an endless supply of energy, unlimited glamour and creativity with no limits\u2026 which is even reflected in her name: \u00a0Sara Baras is a palindrome (it says the same thing from left to right as it does from right to left).<\/span><\/p>\n<h6 class=\"yt watch-title-container\"><a href=\"https:\/\/www.youtube.com\/watch?v=ZVKVPuy2MNo\" target=\"_blank\" rel=\"noopener noreferrer\"><img loading=\"lazy\" decoding=\"async\" class=\"aligncenter wp-image-44941\" src=\"http:\/\/www.eoisabi.org\/wp-content\/uploads\/2012\/08\/SaraBaras.jpg\" alt=\"SaraBaras\" width=\"356\" height=\"200\" srcset=\"https:\/\/englishroam.com\/wp-content\/uploads\/2012\/08\/SaraBaras.jpg 768w, https:\/\/englishroam.com\/wp-content\/uploads\/2012\/08\/SaraBaras-300x169.jpg 300w, https:\/\/englishroam.com\/wp-content\/uploads\/2012\/08\/SaraBaras-150x84.jpg 150w, https:\/\/englishroam.com\/wp-content\/uploads\/2012\/08\/SaraBaras-400x225.jpg 400w\" sizes=\"auto, (max-width: 356px) 100vw, 356px\" \/><\/a><\/h6>\n<h6 class=\"yt watch-title-container\"><span id=\"eow-title\" class=\"watch-title \" dir=\"ltr\" title=\"Sara Baras en la Noche Blanca del Flamenco 2014\">\u2207\u00a0 \u00a0Sara Baras en la Noche Blanca del Flamenco \u00a0\u21d3 \u00a0[2014]<\/span><\/h6>\n<p><iframe loading=\"lazy\" src=\"https:\/\/www.youtube.com\/embed\/tb4ZlXSBgFU\" width=\"560\" height=\"315\" frameborder=\"0\" allowfullscreen=\"allowfullscreen\"><\/iframe><\/p>\n<h4 style=\"text-align: center;\"><a href=\"https:\/\/www.youtube.com\/watch?v=xg8d18awwUo\" target=\"_blank\" rel=\"noopener noreferrer\"><img loading=\"lazy\" decoding=\"async\" class=\"aligncenter size-full wp-image-44942\" src=\"http:\/\/www.eoisabi.org\/wp-content\/uploads\/2012\/08\/balletF.jpg\" alt=\"balletF\" width=\"320\" height=\"115\" srcset=\"https:\/\/englishroam.com\/wp-content\/uploads\/2012\/08\/balletF.jpg 320w, https:\/\/englishroam.com\/wp-content\/uploads\/2012\/08\/balletF-300x108.jpg 300w, https:\/\/englishroam.com\/wp-content\/uploads\/2012\/08\/balletF-150x54.jpg 150w\" sizes=\"auto, (max-width: 320px) 100vw, 320px\" \/><\/a><\/h4>\n<h4 style=\"text-align: center;\">\u00a4 \u00a0Bailaores \u00a0\u21d3<\/h4>\n<p style=\"text-align: justify;\"><span style=\"color: #003300;\">An award-winning documentary directed by film-maker and dancer <strong>Albertina Pisano,\u00a0<\/strong>is the intimate portrait of four outstanding artists of contemporary flamenco dance: <strong>Rafaela Carrasco, Israel Galv\u00e1n, Andr\u00e9s Mar\u00edn<\/strong> and <strong>Bel\u00e9n Maya<\/strong>.<\/span><\/p>\n<p style=\"text-align: center;\"><iframe loading=\"lazy\" src=\"\/\/www.youtube.com\/embed\/rGNgMg0CPSk\" width=\"480\" height=\"360\" frameborder=\"0\" allowfullscreen=\"allowfullscreen\"><\/iframe><\/p>\n<h6 class=\"yt watch-title-container\">\u2207 \u00a0Farruquito \u00a0\u21d3 \u00a0[Sevilla_2014]<\/h6>\n<p style=\"text-align: justify;\"><span style=\"color: #003300;\">Juan Manuel Fern\u00e1ndez Montoya a.k.a.\u00a0Farruquito is the grandson of the well-known flamenco dancer Farruco and the current continuator of this saga. He is son of Juan el Moreno and La Farruca, and he made his debut when he was 5 in Broadway with the Flamenco Puro show. However, his great starting point was the film Flamenco by Carlos Saura. Later on, he starred in the show Pasado, presente, futuro in the Andalusian Pavilion of the 1992 Seville\u00b4s Universal Exhibition. Since Farruco\u00b4s death in 1997, Farruquito has become the main exponent of the family, making important performances worldwide.<\/span><\/p>\n<p style=\"text-align: justify;\"><iframe loading=\"lazy\" src=\"https:\/\/www.youtube.com\/embed\/wBejS_IZSOc\" width=\"560\" height=\"315\" frameborder=\"0\" allowfullscreen=\"allowfullscreen\"><\/iframe><\/p>\n<h6 class=\"yt watch-title-container\">\u2207 \u00a0<a href=\"http:\/\/www.andalucia.com\/flamenco\/dancers\/joaquin-cortes.htm\" target=\"_blank\" rel=\"noopener noreferrer\">Joaqu\u00edn Cort\u00e9s<\/a> \u00a0\u21d3 \u00a0[siguiriyas]<\/h6>\n<p><iframe loading=\"lazy\" src=\"https:\/\/www.youtube.com\/embed\/dqyItsY-yck\" width=\"560\" height=\"315\" frameborder=\"0\" allowfullscreen=\"allowfullscreen\"><\/iframe><\/p>\n<p style=\"text-align: justify;\"><span style=\"color: #003300;\">In a flamenco performance, the dancer &#8211; or bailaor(a) &#8211; will often stand motionless for\u00a0the first moments absorbing the strums of the guitar, the clapping, and the singing until the inspiration hits him\/her<a style=\"color: #003300;\" href=\"https:\/\/www.youtube.com\/watch?v=DSwkZfK3N2w\" target=\"_blank\" rel=\"noopener noreferrer\"><img loading=\"lazy\" decoding=\"async\" class=\"alignright size-full wp-image-45246\" src=\"http:\/\/www.eoisabi.org\/wp-content\/uploads\/2012\/08\/bailaora.jpg\" alt=\"bailaora\" width=\"174\" height=\"290\" srcset=\"https:\/\/englishroam.com\/wp-content\/uploads\/2012\/08\/bailaora.jpg 174w, https:\/\/englishroam.com\/wp-content\/uploads\/2012\/08\/bailaora-90x150.jpg 90w\" sizes=\"auto, (max-width: 174px) 100vw, 174px\" \/><\/a>. Then he or she will launch into a flamenco dance every bit as passionate as the song being belted out by the\u00a0<em>cantaor<\/em>&#8211; you can actually see the explosion of emotions in the dancer&#8217;s facial expressions throughout the performance.<\/span><\/p>\n<p style=\"text-align: justify;\"><span style=\"color: #003300;\">The role of the flamenco dancer is essentially to physically interpret the words with light, graceful arm movements that contrast the reverberating steps as feet drill into the floor with a bewildering intensity.\u00a0The zapateado or intricate footwork displayed by the dancer was not introduced into the female dance routine until the early twentieth century.<\/span><\/p>\n<p style=\"text-align: justify;\"><span style=\"color: #003300;\">The decrees of the 16th century, where Moors, Jews, and gipsies were persecuted, resulted in these outcasts going underground, and taking with them their music and dances, and this is where it stayed, and this is thought to be the very beginning of the formation of flamenco.<\/span><\/p>\n<p style=\"text-align: justify;\"><span style=\"color: #003300;\"><a style=\"color: #003300;\" href=\"http:\/\/www.rtve.es\/alacarta\/videos\/espiritu-flamenco\/espiritu-flamenco-capitulo-13\/1195373\/\" target=\"_blank\" rel=\"noopener noreferrer\"><img loading=\"lazy\" decoding=\"async\" class=\" size-full wp-image-45244 alignleft\" src=\"http:\/\/www.eoisabi.org\/wp-content\/uploads\/2012\/08\/espirituf.png\" alt=\"espirituf\" width=\"227\" height=\"127\" srcset=\"https:\/\/englishroam.com\/wp-content\/uploads\/2012\/08\/espirituf.png 227w, https:\/\/englishroam.com\/wp-content\/uploads\/2012\/08\/espirituf-150x84.png 150w\" sizes=\"auto, (max-width: 227px) 100vw, 227px\" \/><\/a>The style of dance we see performed today has changed considerably since these times, and now styles of flamenco song that were never danced are being taken up by modern dancers striving to find new directions for the flamenco dance.<\/span><\/p>\n<p style=\"text-align: left;\">\u2190feat&#8230;\u00a0<strong>Daniel Saltares + Paloma Fantova<\/strong><\/p>\n<p style=\"text-align: justify;\"><a href=\"https:\/\/www.youtube.com\/watch?v=firAJGysQ3U\" target=\"_blank\" rel=\"noopener noreferrer\"><img loading=\"lazy\" decoding=\"async\" class=\"aligncenter wp-image-45228\" src=\"http:\/\/www.eoisabi.org\/wp-content\/uploads\/2012\/08\/fdancer.jpg\" alt=\"fdancer\" width=\"274\" height=\"182\" srcset=\"https:\/\/englishroam.com\/wp-content\/uploads\/2012\/08\/fdancer.jpg 236w, https:\/\/englishroam.com\/wp-content\/uploads\/2012\/08\/fdancer-150x100.jpg 150w\" sizes=\"auto, (max-width: 274px) 100vw, 274px\" \/><\/a><\/p>\n<h6 style=\"text-align: left;\"><span style=\"color: #ff0000;\">\u25ca \u00a0\u2666 \u00a0Eva la Yerbabuena \u00a0\u2193 \u00a0bailaora<\/span><\/h6>\n<p><a href=\"https:\/\/www.youtube.com\/watch?v=KLDSN-4iIms\" target=\"_blank\" rel=\"noopener noreferrer\"><img loading=\"lazy\" decoding=\"async\" class=\"aligncenter size-full wp-image-44938\" src=\"http:\/\/www.eoisabi.org\/wp-content\/uploads\/2012\/08\/EvaY.jpg\" alt=\"EvaY\" width=\"283\" height=\"278\" srcset=\"https:\/\/englishroam.com\/wp-content\/uploads\/2012\/08\/EvaY.jpg 283w, https:\/\/englishroam.com\/wp-content\/uploads\/2012\/08\/EvaY-150x147.jpg 150w\" sizes=\"auto, (max-width: 283px) 100vw, 283px\" \/><\/a><\/p>\n<p><iframe loading=\"lazy\" src=\"https:\/\/www.youtube.com\/embed\/qAm4z2EJjQU\" width=\"560\" height=\"315\" frameborder=\"0\" allowfullscreen=\"allowfullscreen\"><\/iframe><\/p>\n<p style=\"text-align: justify;\"><span style=\"color: #ff0000;\"><strong>Eva Yerbabuena<\/strong>. Eva Mar\u00eda Garrido Garc\u00eda. Francfort (Germany), 1970.\u00a0Daughter of an emigrant Spanish worker, in spite of which she has been involved in flamenco all her life; at the age of sixteen she was already living in Granada. She is a complete dancer, with a technique that marvelously includes a most<em> jondo<\/em> feeling. She started studying flamenco in Granada, where she eventually\u00a0created her own Art School in Granada.\u00a0In 1992, she was awarded La Malena Prize in Cordoba for her sole\u00e1, but she refused it as she felt they had awarded precisely the dance she considered she had danced worse and that other prizes were not deserved due to their quality.<\/span><\/p>\n<p><iframe loading=\"lazy\" src=\"https:\/\/www.youtube.com\/embed\/9UgUFoNavQI\" width=\"560\" height=\"315\" frameborder=\"0\" allowfullscreen=\"allowfullscreen\"><\/iframe>\u2190\u00a0<strong>seguirillas \u00a0<\/strong><\/p>\n<p><a href=\"https:\/\/www.youtube.com\/watch?v=Wm8B-0jEiUc\" target=\"_blank\" rel=\"attachment wp-att-47886 noopener noreferrer\"><img loading=\"lazy\" decoding=\"async\" class=\"aligncenter wp-image-47886\" src=\"http:\/\/www.eoisabi.org\/wp-content\/uploads\/2014\/07\/MARIAPAGES.jpg\" alt=\"MARIAPAGES\" width=\"278\" height=\"140\" srcset=\"https:\/\/englishroam.com\/wp-content\/uploads\/2014\/07\/MARIAPAGES.jpg 402w, https:\/\/englishroam.com\/wp-content\/uploads\/2014\/07\/MARIAPAGES-300x151.jpg 300w, https:\/\/englishroam.com\/wp-content\/uploads\/2014\/07\/MARIAPAGES-150x75.jpg 150w, https:\/\/englishroam.com\/wp-content\/uploads\/2014\/07\/MARIAPAGES-400x201.jpg 400w\" sizes=\"auto, (max-width: 278px) 100vw, 278px\" \/><\/a><\/p>\n<p style=\"text-align: justify;\"><span style=\"color: #003300;\">Born in Sevilla, she is internationally renowned for her personal aesthetic concept of the art of flamenco.\u00a0Using the fundamental codes of the Flamenco language, researching within and beyond this language, Pag\u00e9s has proved to be a pioneer in the understanding of Flamenco as an Art in evolution, contemporary and alive. She has overcome cultural differences in her choreographies, convinced that artistic interchange favors better understanding between human beings. In her own words, Flamenco is a clear example of how the union of cultures, races and religions, can create a common echo.<\/span><\/p>\n<h6 style=\"text-align: center;\"><a href=\"https:\/\/www.youtube.com\/watch?v=_VL_riHwC7o\" target=\"_blank\" rel=\"noopener noreferrer\"><img loading=\"lazy\" decoding=\"async\" class=\"aligncenter wp-image-44939\" src=\"http:\/\/www.eoisabi.org\/wp-content\/uploads\/2012\/08\/mercedesruiz.jpg\" alt=\"mercedesruiz\" width=\"310\" height=\"233\" srcset=\"https:\/\/englishroam.com\/wp-content\/uploads\/2012\/08\/mercedesruiz.jpg 480w, https:\/\/englishroam.com\/wp-content\/uploads\/2012\/08\/mercedesruiz-300x225.jpg 300w, https:\/\/englishroam.com\/wp-content\/uploads\/2012\/08\/mercedesruiz-150x113.jpg 150w, https:\/\/englishroam.com\/wp-content\/uploads\/2012\/08\/mercedesruiz-400x300.jpg 400w\" sizes=\"auto, (max-width: 310px) 100vw, 310px\" \/><\/a><\/h6>\n<h6 style=\"text-align: left;\">\u2666 \u00a0Santiago Lara \u2193 Bienal Flamenco 2010\u00a0<strong><br \/>\n<\/strong><\/h6>\n<p style=\"text-align: right;\">cante = \u00a0el\u00a0<strong>Londro<\/strong>; \u00a0 \u00a0baile = \u00a0<strong>Mercedes Ruiz<\/strong>; \u00a0 \u00a0piano =\u00a0<strong>Jes\u00fas Lavilla.<\/strong><\/p>\n<p><iframe loading=\"lazy\" src=\"https:\/\/www.youtube.com\/embed\/W-hP0F97G1c\" width=\"560\" height=\"315\" frameborder=\"0\" allowfullscreen=\"allowfullscreen\"><\/iframe><\/p>\n<p style=\"text-align: justify;\"><span style=\"color: #003300;\"><strong>Baile\u00a0<\/strong>(dance) =<strong>\u00a0Mercedes Ruiz.\u00a0<\/strong>Born in 1980 in Jerez de la Frontera, Cadiz, Spain, she joined the company of Manuel Morao and Gitanos de Jerez when she was 7, collaborating with them several months first in Madrid, and afterwards in New York City (Town Hall Theater, Plymouth Theater) and Canada (Golden Lion Theater). \u00a0Mercedes Ruiz began her career as a soloist in 2002. She performed with Andr\u00e9s Pe\u00f1a in the prestigious season of the Centro Cultural de El Monte (Sevilla) and the Festival Mont de Marsan (France). Additionally, she was on tour in Japan with Bel\u00e9n Maya. She also performed in the New Flamenco Festival of Los Angeles and the Bienal de Sevilla with the Andr\u00e9s Mar\u00edn Company, both in 2002.<\/span><\/p>\n<h6 class=\"yt watch-title-container\"><span id=\"eow-title\" class=\"watch-title \" dir=\"ltr\" title=\"Alfredo Lagos. Directo COMPLETO 12 Cuerdas. Con Dani de Mor\u00f3n y \u00c1ngeles Gabald\u00f3n\">\u25ca\u00a0 \u00c1ngeles Gabald\u00f3n \u21d3\u00a0 Solea<\/span><\/h6>\n<h6 class=\"yt watch-title-container\"><iframe loading=\"lazy\" src=\"https:\/\/www.youtube.com\/embed\/sJQPUV5XNOE\" width=\"560\" height=\"315\" frameborder=\"0\" allowfullscreen=\"allowfullscreen\"><\/iframe><\/h6>\n<p style=\"text-align: right;\">feat&#8230; \u21d3 \u00a0<strong>Maria Juncal + M\u00aa Jos\u00e9 Franco + Juan de Juan<\/strong><\/p>\n<h6><a href=\"http:\/\/www.rtve.es\/alacarta\/videos\/espiritu-flamenco\/espiritu-flamenco-capitulo-9\/1174820\/\" target=\"_blank\" rel=\"noopener noreferrer\"><img loading=\"lazy\" decoding=\"async\" class=\"aligncenter size-full wp-image-45244\" src=\"http:\/\/www.eoisabi.org\/wp-content\/uploads\/2012\/08\/espirituf.png\" alt=\"espirituf\" width=\"227\" height=\"127\" srcset=\"https:\/\/englishroam.com\/wp-content\/uploads\/2012\/08\/espirituf.png 227w, https:\/\/englishroam.com\/wp-content\/uploads\/2012\/08\/espirituf-150x84.png 150w\" sizes=\"auto, (max-width: 227px) 100vw, 227px\" \/><\/a><\/h6>\n<h6 id=\"watch-headline-title\">\u2666 \u00a0. . . \u00a0from Madrid \u00a0\u2193 \u00a0El G\u00fcito<\/h6>\n<p><iframe loading=\"lazy\" src=\"https:\/\/www.youtube.com\/embed\/77GxEVzmGBM\" width=\"560\" height=\"315\" frameborder=\"0\" allowfullscreen=\"allowfullscreen\"><\/iframe><\/p>\n<p style=\"text-align: left;\"><strong>\u2660\u2192\u00a0<a href=\"http:\/\/www.andalucia.com\/flamenco\/dancers\/elcarrete.htm\" target=\"_blank\" rel=\"noopener noreferrer\">Jos\u00e9 Losada \u00abEl Carrete\u00bb<\/a><\/strong> \u2193\u00a0 (from Torremolinos)<\/p>\n<p style=\"text-align: center;\"><iframe loading=\"lazy\" title=\"YouTube video player\" src=\"https:\/\/www.youtube.com\/embed\/9s7tq5vyu6M?si=lNHgXFrZX6JzNwCX\" width=\"560\" height=\"315\" frameborder=\"0\" allowfullscreen=\"allowfullscreen\"><\/iframe><\/p>\n<p style=\"text-align: right;\"><strong>\u2660\u2192<a href=\"http:\/\/www.rociomolina.net\/biografia\/?lang=en\" target=\"_blank\" rel=\"noopener noreferrer\">Roc\u00edo Molina <\/a><\/strong>\u00a0\u2193 \u00a0El Sol, La Sal, El Son [Andalusian TV] &#8211; another dancer from M\u00e1laga<\/p>\n<p style=\"text-align: right;\"><iframe loading=\"lazy\" src=\"https:\/\/www.youtube.com\/embed\/5BGtZ2NioD8\" width=\"560\" height=\"315\" frameborder=\"0\" allowfullscreen=\"allowfullscreen\"><\/iframe><\/p>\n<p>\u2207\u00a0 \u00a0&#8216;Bosque Ardora&#8217;\u00a0 \u00a0\u21d3<br \/>\n<iframe loading=\"lazy\" title=\"YouTube video player\" src=\"https:\/\/www.youtube.com\/embed\/TvfjX7UFsYU\" width=\"560\" height=\"315\" frameborder=\"0\" allowfullscreen=\"allowfullscreen\"><\/iframe><\/p>\n","protected":false},"excerpt":{"rendered":"<p style=\"text-align: justify;\">\n<p style=\"text-align: center;\">\u2234<\/p>\n<p style=\"text-align: justify;\">Hailing from southern Spain&#8217;s outcast populations, flamenco dance and music drew early influences from Greek and Roman and later from Indian, Moorish, and Jewish cultures. With the arrival of the Moorish and Jewish populations to the Iberian peninsula centuries ago, Andalusia&#8217;s already thriving music and dance inadvertently [&#8230;]<\/p>\n","protected":false},"author":28,"featured_media":24955,"comment_status":"open","ping_status":"closed","sticky":false,"template":"","format":"standard","meta":{"footnotes":""},"categories":[293],"tags":[70,200],"class_list":["post-44934","post","type-post","status-publish","format-standard","has-post-thumbnail","hentry","category-music-2","tag-e_video","tag-documentary","odd"],"_links":{"self":[{"href":"https:\/\/englishroam.com\/index.php?rest_route=\/wp\/v2\/posts\/44934","targetHints":{"allow":["GET"]}}],"collection":[{"href":"https:\/\/englishroam.com\/index.php?rest_route=\/wp\/v2\/posts"}],"about":[{"href":"https:\/\/englishroam.com\/index.php?rest_route=\/wp\/v2\/types\/post"}],"author":[{"embeddable":true,"href":"https:\/\/englishroam.com\/index.php?rest_route=\/wp\/v2\/users\/28"}],"replies":[{"embeddable":true,"href":"https:\/\/englishroam.com\/index.php?rest_route=%2Fwp%2Fv2%2Fcomments&post=44934"}],"version-history":[{"count":28,"href":"https:\/\/englishroam.com\/index.php?rest_route=\/wp\/v2\/posts\/44934\/revisions"}],"predecessor-version":[{"id":55791,"href":"https:\/\/englishroam.com\/index.php?rest_route=\/wp\/v2\/posts\/44934\/revisions\/55791"}],"wp:featuredmedia":[{"embeddable":true,"href":"https:\/\/englishroam.com\/index.php?rest_route=\/wp\/v2\/media\/24955"}],"wp:attachment":[{"href":"https:\/\/englishroam.com\/index.php?rest_route=%2Fwp%2Fv2%2Fmedia&parent=44934"}],"wp:term":[{"taxonomy":"category","embeddable":true,"href":"https:\/\/englishroam.com\/index.php?rest_route=%2Fwp%2Fv2%2Fcategories&post=44934"},{"taxonomy":"post_tag","embeddable":true,"href":"https:\/\/englishroam.com\/index.php?rest_route=%2Fwp%2Fv2%2Ftags&post=44934"}],"curies":[{"name":"wp","href":"https:\/\/api.w.org\/{rel}","templated":true}]}}