{"id":24046,"date":"2014-07-29T20:00:13","date_gmt":"2014-07-29T20:00:13","guid":{"rendered":"http:\/\/www.eoisabi.org\/?p=24046"},"modified":"2023-02-18T22:52:12","modified_gmt":"2023-02-18T22:52:12","slug":"flamenco","status":"publish","type":"post","link":"https:\/\/englishroam.com\/?p=24046","title":{"rendered":"Flamenco"},"content":{"rendered":"<p style=\"text-align: justify;\"><a href=\"http:\/\/www.youtube.com\/user\/FlamencoworldTV\" target=\"_blank\" rel=\"noopener noreferrer\"><img loading=\"lazy\" decoding=\"async\" class=\"size-full wp-image-24188 alignright\" src=\"http:\/\/www.eoisabi.org\/wp-content\/uploads\/2012\/03\/Schommer.jpeg\" alt=\"Schommer\" width=\"236\" height=\"312\" srcset=\"https:\/\/englishroam.com\/wp-content\/uploads\/2012\/03\/Schommer.jpeg 236w, https:\/\/englishroam.com\/wp-content\/uploads\/2012\/03\/Schommer-226x300.jpeg 226w, https:\/\/englishroam.com\/wp-content\/uploads\/2012\/03\/Schommer-113x150.jpeg 113w\" sizes=\"auto, (max-width: 236px) 100vw, 236px\" \/><\/a><\/p>\n<p style=\"text-align: justify;\"><span style=\"color: #800000;\">There are very few examples of art forms which combine extremes in such a compelling way: \u00a0<em>joy<\/em> and <em>grief<\/em>, \u00a0<em>life <\/em>and<em> death,\u00a0<\/em>\u00a0<em>discipline <\/em>and<em> spontaneity<\/em>, \u00a0the <em>inner self<\/em> and the <em>gregarious mass<\/em> . . . <\/span><\/p>\n<p style=\"text-align: justify;\"><span style=\"color: #800000;\">The thing about flamenco is that even though it&#8217;s very <strong>popular<\/strong> music, often featuring lyrics of anonymous origin, and the performers remain faithful to oral tradition, they may also reach stardom and enjoy long-lasting appreciation for their contribution, that is, their own <em>style<\/em> and unique <em>personality.\u00a0<\/em><\/span><span style=\"color: #800000;\">One of the phrases frequently used by performers in flamenco concerts is:<\/span><\/p>\n<p style=\"text-align: center;\"><strong><span style=\"color: #800000;\"><em>\u00abVamo&#8217; acordarno&#8217; de . . . \u00ab<\/em>\u00a0 <\/span><\/strong><\/p>\n<p style=\"text-align: justify;\"><span style=\"color: #800000;\">which means, <em>\u00abLet&#8217;s remember&#8230;\u00bb, \u00a0followed by the name of the character to be evoked.<\/em><\/span><\/p>\n<p style=\"text-align: right;\"><strong><strong>\u21d3\u00a0 Flamenco radio \u00a0 \/\/\u00a0 \u00a0Flamenco TV<\/strong>\u00a0&#8230;\u21d2<\/strong><\/p>\n<p style=\"text-align: center;\"><a href=\"https:\/\/www.rtve.es\/alacarta\/audios\/nuestro-flamenco\/\" target=\"_blank\" rel=\"noopener noreferrer\"><img loading=\"lazy\" decoding=\"async\" class=\"aligncenter size-full wp-image-25665\" src=\"http:\/\/englishroam.com\/wp-content\/uploads\/2012\/03\/radio.gif\" alt=\"\" width=\"283\" height=\"137\" \/><\/a><\/p>\n<p><a href=\"http:\/\/www.canalsuralacarta.es\/directo\/ver\/flamenco-radio\" target=\"_blank\" rel=\"noopener noreferrer\"><img loading=\"lazy\" decoding=\"async\" class=\"alignleft size-full wp-image-24047\" src=\"http:\/\/www.eoisabi.org\/wp-content\/uploads\/2013\/03\/flamenco.jpeg\" alt=\"flamenco\" width=\"182\" height=\"277\" srcset=\"https:\/\/englishroam.com\/wp-content\/uploads\/2013\/03\/flamenco.jpeg 182w, https:\/\/englishroam.com\/wp-content\/uploads\/2013\/03\/flamenco-98x150.jpeg 98w\" sizes=\"auto, (max-width: 182px) 100vw, 182px\" \/><\/a><\/p>\n<address style=\"text-align: justify;\"><span style=\"color: #000080;\">\u00abFlamenco, as we know it today, began to emerge at the end of the 18th century &#8211; although there is evidence to suggest that primitive forms were quietly gestating in gypsy enclaves in \u00a0<\/span><span style=\"color: #000080;\">southern\u00a0Andalusia much earlier than that. Flamenco did not however emerge from this semi-clandestine domesticity until the mid-19th century, when it made its first appearance on the public stage.<\/span><\/address>\n<address style=\"text-align: justify;\"><span style=\"color: #000080;\">\u00a0<\/span><\/address>\n<address style=\"text-align: justify;\"><span style=\"color: #000080;\">\u00abThe genealogy of flamenco is linked with a long series of musical contributions. In strict terms, flamenco evolved from a range of very different legacies bequeathed by the ancient mixture of cultures in Andalusia: Hindu and Greek psalms, Gregorian chants, Persian melodies, Mozarabic dirges, Jewish laments, Morisco songs, Castilian romances, African son dances . . .<\/span><\/address>\n<address style=\"text-align: justify;\"><span style=\"color: #000080;\">\u00a0<\/span><\/address>\n<address style=\"text-align: justify;\"><span style=\"color: #000080;\">\u00abAll these ingredients, fused with indigenous Andalusian rhythms, resulted in a new musical structure which came to be known as flamenco. The gradual diversification of styles is yet another consequence of the inexhaustible capacity for innovation of the flamenco genre, which lends itself very well to the creative powers of individual artists and is one of the most remarkable forms of popular music in Western Europe.\u00bb<\/span><\/address>\n<address style=\"text-align: right;\"><span style=\"color: #000080;\">J.M. Caballero Bonald<\/span><\/address>\n<p style=\"text-align: left;\"><span style=\"font-family: Arial; font-size: x-large;\">\u2022\u2192<a href=\"http:\/\/www.timenet.org\/detail.html\" target=\"_blank\" rel=\"noopener noreferrer\">Flamenco &#8211; Its Origin and evolution<\/a>\u2190<\/span><\/p>\n<h3><a href=\"https:\/\/www.youtube.com\/watch?v=Iv1lDwmW44U\" target=\"_blank\" rel=\"noopener noreferrer\"><img loading=\"lazy\" decoding=\"async\" class=\"aligncenter size-full wp-image-52020\" src=\"http:\/\/englishroam.com\/wp-content\/uploads\/2014\/07\/Flamenco_film_poster.jpg\" alt=\"\" width=\"267\" height=\"374\" srcset=\"https:\/\/englishroam.com\/wp-content\/uploads\/2014\/07\/Flamenco_film_poster.jpg 267w, https:\/\/englishroam.com\/wp-content\/uploads\/2014\/07\/Flamenco_film_poster-214x300.jpg 214w, https:\/\/englishroam.com\/wp-content\/uploads\/2014\/07\/Flamenco_film_poster-107x150.jpg 107w\" sizes=\"auto, (max-width: 267px) 100vw, 267px\" \/><\/a><\/h3>\n<h5 style=\"text-align: center;\"><span style=\"color: #ff0000;\">\u2207\u00a0 \u00a0Carlos Saura&#8217;s <strong>FLAMENCO<\/strong>\u00a0 \u00a0 \u21d1\u00a0 \u00a0[1995]\u00a0\u00a0<span style=\"color: #008000;\"><br \/>\n<\/span><\/span><\/h5>\n<ul>\n<li>\n<address>\u00abPrologo\u00bb\u00a0by\u00a0<a href=\"http:\/\/www.imdb.com\/name\/nm1161668\/\" target=\"_blank\" rel=\"noopener noreferrer\">Isidro Mu\u00f1oz<\/a>\u00a0(guitar)<\/address>\n<\/li>\n<li>\n<address><strong>\u00abBulerias\u00bb<\/strong>\u00a0by\u00a0<a href=\"http:\/\/www.imdb.com\/name\/nm0603228\/\" target=\"_blank\" rel=\"noopener noreferrer\">Mora\u00edto Chico<\/a>\u00a0&amp;\u00a0<a href=\"http:\/\/www.imdb.com\/name\/nm1165388\/\" target=\"_blank\" rel=\"noopener noreferrer\">Ni\u00f1o Jero<\/a>\u00a0(guitars), La Paquera &amp; Fernando de la Morera (singers)<\/address>\n<\/li>\n<li>\n<address><strong>\u00abGuajira\u00bb<\/strong>\u00a0by Merche Esmeralda (dancer), Jose Antonio Rodriguez, El Portugues,\u00a0<a href=\"http:\/\/www.imdb.com\/name\/nm0209940\/\" target=\"_blank\" rel=\"noopener noreferrer\">Pepe de Luc\u00eda<\/a><\/address>\n<\/li>\n<li>\n<address><strong>\u00abAlegrias\u00bb<\/strong>\u00a0by Diego Carrasco (singer), Manolo Sanlucar &amp; Juan C. Romero (guitars)<\/address>\n<\/li>\n<li>\n<address><strong>\u00abFarruca\u00bb<\/strong>\u00a0by Joaquin Cortes, Juan P. Munoz (violin), Fernando Anguita (cello), Pedro Anton (guitar)<\/address>\n<\/li>\n<li>\n<address><strong>\u00abMartinete\u00bb<\/strong>\u00a0by C. Moneo (singer), Mario Maya, Antonio Vargas &amp; Israel Galvan (dancers)<\/address>\n<\/li>\n<li>\n<address><strong>\u00abFandangos de Huelva\u00bb<\/strong>\u00a0by Antonio Toscano, Jose A. Rodriguez &amp; Juan C. Romero<\/address>\n<\/li>\n<li>\n<address><strong>\u00abSoleares\u00bb<\/strong>\u00a0by\u00a0<a href=\"http:\/\/www.imdb.com\/name\/nm0212002\/\" target=\"_blank\" rel=\"noopener noreferrer\">Fernanda de Utrera<\/a>\u00a0(dancer), Paco del Castor (guitar)<\/address>\n<\/li>\n<li>\n<address><strong>\u00abPetenera\u00bb<\/strong>\u00a0by Jose Menese (singer), Maria Pages (dancer), Jose A. Rodriguez (guitar)<\/address>\n<\/li>\n<li>\n<address><strong>\u00abSeguirilla\u00bb<\/strong>\u00a0by\u00a0<a href=\"http:\/\/www.imdb.com\/name\/nm0604229\/\" target=\"_blank\" rel=\"noopener noreferrer\">Enrique Morente<\/a>\u00a0(singer), Juan Manuel Canizares (guitar)<\/address>\n<\/li>\n<li>\n<address><strong>\u00abSoleares\u00bb<\/strong>\u00a0by Manuela Carrasco (dancer), Jose Merce (singer)<\/address>\n<\/li>\n<li>\n<address><strong>\u00abSoleares\u00bb- <\/strong>performed by Farruco and Farruquito (dancers),\u00a0<strong><a href=\"http:\/\/www.imdb.com\/name\/nm0158711\/\" target=\"_blank\" rel=\"noopener noreferrer\">Chocolate<\/a><\/strong>\u00a0(singer), R. Amador (guitar)<\/address>\n<\/li>\n<\/ul>\n<address style=\"text-align: center;\"><span style=\"color: #008000;\">Ele ele ele elea &#8211; ay! ay! ay!<\/span><\/address>\n<address style=\"text-align: center;\"><span style=\"color: #008000;\">I&#8217;m as happy as can be \u00a0 when you&#8217;re by my side<\/span><\/address>\n<address style=\"text-align: center;\"><span style=\"color: #008000;\">If I were to die right now \u00a0I don&#8217;t think I&#8217;d feel a thing<\/span><\/address>\n<address style=\"text-align: center;\"><span style=\"color: #008000;\">Death came past &#8211; I said I wanted her \u00a0and she just stood me up<\/span><\/address>\n<address style=\"text-align: center;\"><span style=\"color: #008000;\">Gee! My soul is grieving &#8230; my mother died at the break of dawn<\/span><\/address>\n<address style=\"text-align: center;\"><span style=\"color: #008000;\">\u00a0<\/span><\/address>\n<address style=\"text-align: center;\"><span style=\"color: #008000;\">High up on that mountain I cut off a cane, picked up a flower<\/span><\/address>\n<address style=\"text-align: center;\"><span style=\"color: #008000;\">I want a lad: he&#8217;s got to work on the land,<\/span><\/address>\n<address style=\"text-align: center;\"><span style=\"color: #008000;\">take the oxen out to plough,<\/span><\/address>\n<address style=\"text-align: center;\"><span style=\"color: #008000;\">and play the tambourine<\/span><\/address>\n<ul>\n<li>\n<address><strong>\u00abTaranta\u00bb<\/strong>\u00a0by Carmen Linares (singer), Rafael Riqueni (guitar)<\/address>\n<\/li>\n<li>\n<address><strong>\u00abTangos\u00bb<\/strong>\u00a0by Juana la del Revuelo,\u00a0<a href=\"http:\/\/www.imdb.com\/name\/nm0024228\/\" target=\"_blank\" rel=\"noopener noreferrer\">Remedios Amaya<\/a>\u00a0&amp; Aurora\u00a0Vargas,\u00a0Quique Paredes &amp; Martin Chico.<\/address>\n<\/li>\n<li>\n<address><strong>\u00abVillancicos\u00bb<\/strong>\u00a0by La Macanita (singer), Juan Parrilla &amp;\u00a0<a href=\"http:\/\/www.imdb.com\/name\/nm1165388\/\" target=\"_blank\" rel=\"noopener noreferrer\">Ni\u00f1o Jero<\/a>\u00a0(guitar)<\/address>\n<\/li>\n<li>\n<address><strong>\u00abBulerias\u00bb<\/strong>\u00a0by\u00a0Lole\u00a0(singer), Manuel (guitar)<\/address>\n<\/li>\n<li>\n<address><strong>\u00abAlegrias\u00bb<\/strong>\u00a0by Matilde Coral&#8230; (dancers), Rancapino &amp; Chano Lobato (singers), Paco Jarana (guitar)<\/address>\n<\/li>\n<li>\n<address><strong>\u00abTangos\u00bb<\/strong>\u00a0by Paco de Lucia &amp; Ramon de Algeciras (guitar),\u00a0Pepe de Luc\u00eda\u00a0(singer),\u00a0Carlos Benavent (bass), Jorge Pardo\u00a0(flute), Ruben Danta &amp; El Grilo (percussion)<\/address>\n<\/li>\n<li>\n<address><strong>\u00abBulerias\u00bb<\/strong>\u00a0by Potito &amp; Duquende (singers),\u00a0<a href=\"http:\/\/www.imdb.com\/name\/nm0866531\/\" target=\"_blank\" rel=\"noopener noreferrer\">Tomatito<\/a>\u00a0(guitar), El Grilo &amp; Belen Maya (dancers)<\/address>\n<\/li>\n<li>\n<address><strong>\u00abRumba\u00bb<\/strong>\u00a0by\u00a0Manzanita\u00a0&amp;\u00a0Antonio Carmona\u00a0(singers), Juan J. Carmona &amp; Jose Miguel Carmona (guitars),\u00a0Carlos Ruiz &amp; Javier Benegas (percussion)<\/address>\n<\/li>\n<\/ul>\n<p><a href=\"https:\/\/www.flamencoexport.com\/flamenco-wiki\/diccionario-flamenco.html\" target=\"_blank\" rel=\"noopener noreferrer\"><img loading=\"lazy\" decoding=\"async\" class=\"alignright size-full wp-image-24955\" src=\"http:\/\/englishroam.com\/wp-content\/uploads\/2012\/03\/bailaora.gif\" alt=\"\" width=\"156\" height=\"198\" \/><\/a><\/p>\n<p style=\"text-align: center;\"><strong>\u2022\u2192<a href=\"http:\/\/www.flamenco.org\/glossary.html\" target=\"_blank\" rel=\"noopener noreferrer\">[English]<\/a>\u21d0\u00a0<a href=\"http:\/\/books.google.es\/books?id=08yVhenrtZcC&amp;pg=PA194&amp;lpg=PA194&amp;dq=glosario+flamenco&amp;source=bl&amp;ots=G55cWJpHCI&amp;sig=kcaEgBLXRUL_lCTlDi3TLBv7s2A&amp;hl=en&amp;sa=X&amp;ei=XJRsUeWJC9GshQf0uoGoAw&amp;ved=0CHwQ6AEwCA#v=onepage&amp;q=glosario%20flamenco&amp;f=false\" target=\"_blank\" rel=\"noopener noreferrer\">Flamenco glossary<\/a>\u00a0\u21d2<a href=\"http:\/\/books.google.es\/books?id=08yVhenrtZcC&amp;pg=PA194&amp;lpg=PA194&amp;dq=glosario+flamenco&amp;source=bl&amp;ots=G55cWJpHCI&amp;sig=kcaEgBLXRUL_lCTlDi3TLBv7s2A&amp;hl=en&amp;sa=X&amp;ei=XJRsUeWJC9GshQf0uoGoAw&amp;ved=0CHwQ6AEwCA#v=onepage&amp;q=glosario%20flamenco&amp;f=false\" target=\"_blank\" rel=\"noopener noreferrer\">[Spanish]<\/a>\u2190\u2022 \u00a0<\/strong><\/p>\n<p style=\"text-align: right;\"><strong>\u2022 flamencoexport.com\/diccionario\u21d2<\/strong><\/p>\n<p style=\"text-align: left;\">\u2022\u2192<a href=\"http:\/\/canteytoque.es\/letras.html\" target=\"_blank\" rel=\"noopener noreferrer\">canteytoque.es\/<strong>letras<\/strong>.html<\/a>\u21d0[<strong>lyrics<\/strong>]<\/p>\n<p><a href=\"http:\/\/www.letrasdeflamenco.com\/\" target=\"_blank\" rel=\"noopener noreferrer\"><img loading=\"lazy\" decoding=\"async\" class=\"alignleft size-full wp-image-45215\" src=\"http:\/\/englishroam.com\/wp-content\/uploads\/2012\/08\/letrasf.png\" alt=\"\" width=\"142\" height=\"142\" \/><\/a><\/p>\n<h6 id=\"watch-headline-title\" style=\"text-align: center;\"><strong><span style=\"color: #008000;\">\u2207\u00a0 \u00a0 FLAMENCO TV \u21d3 2011 \u00a0<\/span><\/strong><\/h6>\n<h5 style=\"text-align: center;\"><strong><span style=\"color: #008000;\">\u21d2\u00a0 <a href=\"https:\/\/www.youtube.com\/results?search_query=el+sol+la+sal+el+son\" target=\"_blank\" rel=\"noopener noreferrer\">\u00abel sol, la sal, el son\u00bb<\/a>\u00a0 \u21d0<br \/>\n<\/span><\/strong><\/h5>\n<p><span style=\"color: #008000;\">\u00a0 \u00a0 \u00a0 \u00a0 \u00a0 \u00a0 \u00a0 \u00a0 \u00a0 \u00a0 \u00a0 \u00a0 \u00a0 \u00a0 \u00a0 \u00a0 \u00a0 \u00a0 \u00a0<strong>MC\u2192<a href=\"https:\/\/www.merca2.es\/memorias-loco-quintero\/\" target=\"_blank\" rel=\"noopener noreferrer\"><span style=\"color: #008000;\">Jes\u00fas Quintero<\/span><\/a>\u2190<\/strong><\/span><\/p>\n<h3><a href=\"https:\/\/ich.unesco.org\/en\/RL\/flamenco-00363\" target=\"_blank\" rel=\"noopener noreferrer\"><img loading=\"lazy\" decoding=\"async\" class=\"aligncenter  wp-image-52024\" src=\"http:\/\/englishroam.com\/wp-content\/uploads\/2014\/07\/Flamenco-day.jpg\" alt=\"\" width=\"308\" height=\"154\" srcset=\"https:\/\/englishroam.com\/wp-content\/uploads\/2014\/07\/Flamenco-day.jpg 1024w, https:\/\/englishroam.com\/wp-content\/uploads\/2014\/07\/Flamenco-day-300x150.jpg 300w, https:\/\/englishroam.com\/wp-content\/uploads\/2014\/07\/Flamenco-day-768x384.jpg 768w, https:\/\/englishroam.com\/wp-content\/uploads\/2014\/07\/Flamenco-day-150x75.jpg 150w, https:\/\/englishroam.com\/wp-content\/uploads\/2014\/07\/Flamenco-day-400x200.jpg 400w\" sizes=\"auto, (max-width: 308px) 100vw, 308px\" \/><\/a><\/h3>\n<h3 style=\"text-align: center;\"><span style=\"color: #ff0000;\"><a href=\"https:\/\/www.youtube.com\/watch?v=a0mFsxs98Bo\" target=\"_blank\" rel=\"noopener noreferrer\">\u00a4\u00a0Flamenco today<\/a> \u00a0<\/span><\/h3>\n<address style=\"text-align: justify;\"><img loading=\"lazy\" decoding=\"async\" class=\"alignright size-full wp-image-24960\" src=\"http:\/\/englishroam.com\/wp-content\/uploads\/2012\/03\/manos.gif\" alt=\"\" width=\"157\" height=\"98\" \/><\/address>\n<address style=\"text-align: justify;\">The <a href=\"http:\/\/canteytoque.es\/letras.html\" target=\"_blank\" rel=\"noopener noreferrer\"><strong>cante<\/strong><\/a> (singing), <a href=\"http:\/\/www.eoisabi.org\/?p=44944\" target=\"_blank\" rel=\"noopener noreferrer\"><strong>toque<\/strong><\/a> (guitar playing), <a href=\"http:\/\/www.eoisabi.org\/?p=44934\" target=\"_blank\" rel=\"noopener noreferrer\"><strong>baile<\/strong><\/a> (dance) and <a href=\"https:\/\/www.youtube.com\/watch?v=PZbpxAoZmDU\" target=\"_blank\" rel=\"noopener noreferrer\"><strong>palmas<\/strong><\/a> (handclaps) still are the main ingredients of flamenco. Perhaps the major novelty at the end of the century (apart from the hideous abuse of amplification) was the introduction of the <a href=\"https:\/\/www.youtube.com\/watch?v=vQEZvePXR_k\" target=\"_blank\" rel=\"noopener noreferrer\"><strong>caj\u00f3n<\/strong><\/a>, an Afro-Peruvian\u00a0box-shaped\u00a0percussion instrument\u00a0which has made modern performers less dependent on wooden-boarded floors and on\u00a0<strong>taconeo<\/strong> itself (i.e. <a href=\"https:\/\/www.youtube.com\/watch?v=muuVFtSpcuw\" target=\"_blank\" rel=\"noopener noreferrer\">footwork<\/a>).<\/address>\n<address style=\"text-align: justify;\">\u00a0<\/address>\n<address style=\"text-align: justify;\"><a href=\"http:\/\/www.andalucia.com\/flamenco\/history.htm\" target=\"_blank\" rel=\"noopener noreferrer\"><img loading=\"lazy\" decoding=\"async\" class=\"aligncenter wp-image-45213\" src=\"http:\/\/www.eoisabi.org\/wp-content\/uploads\/2012\/08\/palosf.jpg\" alt=\"palosf\" width=\"383\" height=\"270\" srcset=\"https:\/\/englishroam.com\/wp-content\/uploads\/2012\/08\/palosf.jpg 325w, https:\/\/englishroam.com\/wp-content\/uploads\/2012\/08\/palosf-300x212.jpg 300w, https:\/\/englishroam.com\/wp-content\/uploads\/2012\/08\/palosf-150x106.jpg 150w\" sizes=\"auto, (max-width: 383px) 100vw, 383px\" \/><\/a><\/address>\n<p style=\"text-align: justify;\"><span style=\"color: #003300;\">Flamenco music styles are called <a style=\"color: #003300;\" href=\"http:\/\/www.flamencoexport.com\/flamenco-wiki-en\/flamenco-palos.html\" target=\"_blank\" rel=\"noopener noreferrer\">\u2192<strong><span style=\"color: #ff0000;\">palos<\/span>\u2190<\/strong><\/a>. Songs are classified into <strong>palos<\/strong> based on criteria such as <em>basic rhythmic pattern, mode, chord progression, form of the stanza, <\/em>and<em> geographic origin<\/em>. Some of the forms are sung unaccompanied, while others usually have guitar or other accompaniment. Some forms are danced while others are not . . .\u00a0There are over 60 different palos, although some are rarely performed. The most important (in red) are explained after the samples below.<\/span><\/p>\n<p id=\"watch-headline-title\" style=\"text-align: center;\"><strong>\u2666 \u2192<a href=\"http:\/\/www.youtube.com\/watch?v=o997EI58Nbs\" target=\"_blank\" rel=\"noopener noreferrer\">\u00a0MACANITA<\/a><\/strong> \u2193\u00a0por <strong>bulerias<\/strong><\/p>\n<p><iframe loading=\"lazy\" src=\"https:\/\/www.youtube.com\/embed\/fUCne654SB0\" width=\"560\" height=\"315\" frameborder=\"0\" allowfullscreen=\"allowfullscreen\"><\/iframe><\/p>\n<p style=\"text-align: justify;\"><span style=\"color: #003300;\">The more vivacious side of flamenco is exemplified by the\u00a0<span style=\"color: #ff0000;\"><a style=\"color: #ff0000;\" href=\"http:\/\/www.youtube.com\/watch?feature=player_embedded&amp;v=U_lrn0G8A94#!\" target=\"_blank\" rel=\"noopener noreferrer\"><strong>buler\u00eda<\/strong><\/a>,<\/span> a style related to the sole\u00e1, of which it is basically an up-tempo version. It takes its rhythmical structure from the sole\u00e1, although with slight variations to the accentuation. Being more vigorous, it falls within the category of &#8216;festero&#8217; styles, and this can also be felt in the subject matter of the lyrics, which are less solemn and more light-hearted.<\/span><\/p>\n<h6 style=\"text-align: justify;\">\u00b7 \u00b7 \u00b7 \u00a0Solea \u00a0\u21d3 \u00a0[2002]<\/h6>\n<p><iframe loading=\"lazy\" src=\"https:\/\/www.youtube.com\/embed\/p5ugzWm7tIU\" width=\"560\" height=\"315\" frameborder=\"0\" allowfullscreen=\"allowfullscreen\"><\/iframe><\/p>\n<p style=\"text-align: justify;\">Tomasa Guerrero Carrasco\u00a0<strong>\u2018La Macanita\u2019<\/strong>\u00a0gets her name from her father, El Macano. Born in Jerez de la Frontera in 1968, she has excelled in cante since she was a little girl.\u00a0In 1985, in the company of El Torta, Ram\u00edrez, Mora\u00edto Chico and El Capullo, she performed for a season at the Madrilenian tablaos Los Canasteros and Zambra. After touring several countries, she takes part in the historic recording\u00a0<em>\u2018Tauromagia\u2019<\/em>\u00a0by Manolo Sanl\u00facar. In 1988 she joins the Manuel Morao Company and Gitanos de Jerez, making her d\u00e9but with the show\u00a0<em>\u2018Flamenco. Esa forma de vivir\u2019.<\/em><\/p>\n<h6 id=\"watch-headline-title\">\u2666 \u00a0Jes\u00fas M\u00e9ndez\u00a0\u2193\u00a0Malague\u00f1a del Mellizo [Sevilla 2011]<\/h6>\n<p><iframe loading=\"lazy\" src=\"https:\/\/www.youtube.com\/embed\/-FB6FlE9K_c\" width=\"560\" height=\"315\" frameborder=\"0\" allowfullscreen=\"allowfullscreen\"><\/iframe><\/p>\n<p style=\"text-align: justify;\"><strong>Jes\u00fas M\u00e9ndez<\/strong> was born (1984) in the heart of one of the most important cantaor families ever to come out of Jerez, that of Los M\u00e9ndez, whose flagship was La Paquera de Jerez. His career began at the age of seventeen, when he decided to get up on stage and try his luck. Following his d\u00e9but in the year 2002 at the D. Antonio Chac\u00f3n Cultural Association in Jerez, the young Jerez-born cantaor has worked with artists of the likes of Mora\u00edto Chico, El G\u00fcito, Roc\u00edo Molina, Alejandro Granados, Mar\u00eda del Mar Moreno and Carmen Cort\u00e9s, among others.<\/p>\n<p id=\"watch-headline-title\" class=\"yt\" style=\"text-align: right;\"><span id=\"eow-title\" class=\"watch-title \" dir=\"ltr\" title=\"Jesus Mendez. (Buler\u00edas) Fiesta de la Buler\u00eda 2014\"><strong>&#8230;\u00a0\u21d2 <\/strong><a href=\"https:\/\/www.youtube.com\/watch?v=uKYrSC9SjQA\" target=\"_blank\" rel=\"noopener noreferrer\"><strong>Buler\u00edas<\/strong> [Jerez_2014] <em>Tribute to Juan Moneo\u00a0\u00abEl TORTA\u00bb<\/em><\/a><\/span><\/p>\n<h6 id=\"watch-headline-title\">\u2665\u00a0 Montse Cort\u00e9s \u2193\u00a0&#8216;Mira que gitana soy&#8217; (Buler\u00edas) + Paco Heredia [2011]<\/h6>\n<p><iframe loading=\"lazy\" title=\"YouTube video player\" src=\"https:\/\/www.youtube.com\/embed\/Mn25hhCsqlA\" width=\"560\" height=\"315\" frameborder=\"0\" allowfullscreen=\"allowfullscreen\"><\/iframe><\/p>\n<p style=\"text-align: justify;\">A great gipsy voice from Barcelona. Born 1963, she performed her<b>\u00a0<\/b><em>\u00abcante pa&#8217;atras\u00bb<\/em> for a long time (literally, <em>\u00absinging from behind\u00bb<\/em>; singing for dancers, often with the singer standing) before she went solo after the release of her album <em>\u00abAlabanza\u00bb<\/em> (2000). Many top-class flamenco cantaores would agree that <em>\u00abcante pa&#8217;atras\u00bb<\/em> is the best possible way of mastering time-keeping, i.e.\u00bb<strong>comp\u00e1s<\/strong>\u00ab: rhythmical structure of a flamenco style, each with its own stress pattern.<\/p>\n<p style=\"text-align: right;\"><strong>\u21d3 \u00a0&#8216;Me voy pa los callejones&#8217;<\/strong><\/p>\n<p style=\"text-align: right;\"><iframe loading=\"lazy\" src=\"\/\/www.youtube.com\/embed\/OfM7SfQu_l8\" width=\"560\" height=\"315\" frameborder=\"0\" allowfullscreen=\"allowfullscreen\"><\/iframe><\/p>\n<h6 id=\"watch-headline-title\">\u2666 \u00a0<a href=\"http:\/\/worldmusiccentral.org\/2016\/07\/30\/acclaimed-flamenco-singer-jose-menese-dies-at-74\/\" target=\"_blank\" rel=\"noopener noreferrer\">Jos\u00e9 Menese<\/a> &amp; Antonio Carri\u00f3n \u00a0\u2193 \u00a0[buler\u00edas por sole\u00e1]<\/h6>\n<p><iframe loading=\"lazy\" src=\"https:\/\/www.youtube.com\/embed\/v8-FPStdN5o\" width=\"560\" height=\"315\" frameborder=\"0\" allowfullscreen=\"allowfullscreen\"><\/iframe><\/p>\n<p style=\"text-align: justify;\">Though non-Gipsy himself, he was gifted with a Gipsy-like voice. A most honest cantaor,\u00a0<strong>Menese<\/strong> will always stand out for purity (<em>\u00abpureza\u00bb<\/em>):\u00a0<em>cante jondo<\/em>\u00a0at its best, <em>flamenco cabal<\/em>, impervious to frivolous fusions: no concessions to commercial pressure.<\/p>\n<p style=\"text-align: center;\"><strong>\u2666 \u00a0\u2666 \u2192<a href=\"http:\/\/www.carmenlinares.org\/en\/index2.html\" target=\"_blank\" rel=\"noopener noreferrer\">\u00a0Carmen Linares<\/a> \u00a0+ \u00a0Pedro Sierra\u00a0 \u2193<\/strong><\/p>\n<p style=\"text-align: right;\"><strong>tarantas\u2192<\/strong><iframe loading=\"lazy\" src=\"https:\/\/www.youtube.com\/embed\/pK7gB7q7Lrg\" width=\"560\" height=\"315\" frameborder=\"0\" allowfullscreen=\"allowfullscreen\"><\/iframe><\/p>\n<p style=\"text-align: justify;\">Mar\u00eda del Carmen Pacheco Rodr\u00edguez, one of the most relevant flamenco singers, was born in Linares, Ja\u00e9n, in 1951. She started in the flamenco world in the midst of her family, since her father was an amateur guitarist from Linares. In 1965 she moved to Madrid, where she got\u00a0in contact with her first teachers: Juan Varea, El Gallina, Pepe el de la Matrona and La Perla de C\u00e1diz, amongst others.<\/p>\n<p style=\"text-align: justify;\">In 1996 she released her most important record and perhaps the most relevant of all the recent flamenco albums: <em>&#8216;<strong>Carmen Linares en antolog\u00eda, la mujer en el cante&#8217;<\/strong>,<\/em> where she journeys through all the creations that have made women in flamenco.<\/p>\n<h6>\u2665\u00a0\u2192 <a title=\"2\" href=\"http:\/\/youtu.be\/gz4h0exAli4\" target=\"_blank\" rel=\"noopener noreferrer\">LA TOBALA + Pedro Sierra<\/a> \u2193\u00a0Tangos \u00a0[Homenaje a Camar\u00f3n]<\/h6>\n<p style=\"text-align: justify;\">Juana Salazar,<strong> La Tobala,<\/strong> started in the flamenco world at tablaos in Seville such as Los Gallos and La Trocha. Shortly thereafter, she establishes residence in Madrid and begins to perform at the tablao Zambra. Throughout her career, with her cante she has accompanied top dance figures.\u00a0As a solo cantaora, she&#8217;s recorded seven albums produced by her husband, guitarist <strong>Pedro Sierra:\u00a0<\/strong><em>\u2018Dime s\u00ed en la vida\u2019<\/em> (1989), <em>\u2018Jardanay\u2019<\/em> (1993), <em>\u2018Espejo del Alma\u2019<\/em> (1995), <em>\u2018Rincones de sue\u00f1os puros\u2019<\/em> (1997), <em>\u2018Duquelas\u2019<\/em> (1999), <em>\u2018Azul\u2019<\/em> (2004), and <em>&#8216;Leguaje Puro&#8217;<\/em> (2008).<\/p>\n<p><iframe loading=\"lazy\" src=\"https:\/\/www.youtube.com\/embed\/u2mqRx3Jlik\" width=\"560\" height=\"315\" frameborder=\"0\" allowfullscreen=\"allowfullscreen\"><\/iframe><\/p>\n<address style=\"text-align: justify;\"><span style=\"color: #003300;\">It is assumed that <span style=\"color: #ff0000;\"><strong>tangos<\/strong><\/span> have African origins, and that they arrived back in the Andalusian ports of Seville and Cadiz once they had passed through the Cuban filter during the Spanish colonial period. Tangos are a flamenco style in 2\/4 and 4\/4, the tie signatures that underline the majority of musical styles around the world. Dance is fundamental to tangos . . . a sensual and provocative dance style, with popular origins, for celebrations. Tangos are sometimes used as a coda, or as the continuation ot its more down-tempo relative, los <strong>tientos<\/strong>, sung in a deep and phlegmatic manner. The style is also related to <strong>tanguillos<\/strong>, which appear to be accelerated tangos, but whose comp\u00e1s is actually complex and polyrhythmic.<\/span><\/address>\n<h6 style=\"text-align: center;\"><span style=\"color: #000000;\">\u2666 \u00a0\u25ca \u00a0Pansequito + <a style=\"color: #000000;\" href=\"http:\/\/www.youtube.com\/watch?v=p9WooB17Ya0\" target=\"_blank\" rel=\"noopener noreferrer\">Moraito<\/a> \u00a0\u2193 \u00a0[hosted by Jes\u00fas Quintero]<\/span><\/h6>\n<p><em> <iframe loading=\"lazy\" src=\"https:\/\/www.youtube.com\/embed\/ebdG0M0gp0s\" width=\"560\" height=\"315\" frameborder=\"0\" allowfullscreen=\"allowfullscreen\"><\/iframe> <\/em><\/p>\n<p style=\"text-align: justify;\"><span style=\"color: #000000;\">Jos\u00e9 Cort\u00e9s Jim\u00e9nez,\u00a0<strong>Pansequito\u00a0<\/strong> [1946-2023] was born in La L\u00ednea de la Concepci\u00f3n, but he grew up in another town in the C\u00e1diz area, El Puerto de Santa Mar\u00eda, which gave him his stage name in the early days. Manolo Caracol listened to him when he was fifteen and hired him to work at his famous tablao in Madrid, Los Canasteros. In that period, he sang for dancing both at tablaos and in dance companies, among them, that of Antonio Gades. Then considered a renovator of cante, he won the \u2018Prize for Creativity\u2019 at C\u00f3rdoba\u2019s 1974 National Contest, which has never been awarded again . . .<\/span><\/p>\n<p><iframe loading=\"lazy\" src=\"https:\/\/www.youtube.com\/embed\/5sG_J6erAPo\" width=\"560\" height=\"315\" frameborder=\"0\" allowfullscreen=\"allowfullscreen\"><\/iframe>\u2190alegrias de C\u00e1diz<\/p>\n<h5>\u2666 \u2666\u00a0\u2192\u00a0<a href=\"http:\/\/www.la-barraca.be\/aespfernengl.htm\" target=\"_blank\" rel=\"noopener noreferrer\">Esperanza Fern\u00e1ndez <\/a>+ <a href=\"http:\/\/www.la-barraca.be\/amigangcortesengl.htm\" target=\"_blank\" rel=\"noopener noreferrer\">Miguel Angel Cort\u00e9s<\/a>\u00a0\u2193 \u00a0[mariana]<\/h5>\n<p><iframe loading=\"lazy\" src=\"https:\/\/www.youtube.com\/embed\/P4CusUElid8\" width=\"560\" height=\"315\" frameborder=\"0\" allowfullscreen=\"allowfullscreen\"><\/iframe><\/p>\n<p style=\"text-align: justify;\">Esperanza Fern\u00e1ndez Vargas was born in Sevilla in 1966 within a\u00a0family\u00a0professionally devoted to flamenco.\u00a0At the beginning her chosen form of artistic expression was dance: she took lessons\u00a0from Pepe R\u00edos and Manolo Mar\u00edn. However it was her devotion to Lole Montoya which motivated her to excel in song.<\/p>\n<p style=\"text-align: justify;\">She knows orthodox flamenco to perfection, but at the same time searches out for other music such as jazz &#8230; So far, she has only released two\u00a0records by\u00a0her name<\/p>\n<p><iframe loading=\"lazy\" src=\"https:\/\/www.youtube.com\/embed\/eS90xgQJTc8\" width=\"480\" height=\"360\" frameborder=\"0\" allowfullscreen=\"allowfullscreen\"><\/iframe><strong>\u2190solea<\/strong><\/p>\n<p style=\"text-align: justify;\"><span style=\"color: #003300;\">Although it hasn&#8217;t been proven that genealogically this was the first style, there can be little doubt that the\u00a0<span style=\"color: #ff0000;\"><a style=\"color: #ff0000;\" href=\"http:\/\/canteytoque.es\/soleares.htm\" target=\"_blank\" rel=\"noopener noreferrer\"><strong>sole\u00e1<\/strong><\/a>\u00a0<\/span>embodies the essence of flamenco in terms of rhythm, cadence, expression and melody. The rhythmical structure is divided into twelve beats, with an amalgam of 6\/8 and 3\/4 time, thus adapting to the structure of three or four octosyllabic verses. Musically-speaking, it&#8217;s based on the Andalusian scale &#8211; a definitive musical feature of flamenco. Musicologist Garc\u00eda Matos suggests its name may be taken from a lyric referring to \u00absoledad\u00bb, or solitude.<\/span><\/p>\n<h6 id=\"watch-headline-title\">\u2663\u2192\u00a0<a href=\"http:\/\/www.arcangelflamenco.com\/\" target=\"_blank\" rel=\"noopener noreferrer\">Arc\u00e1ngel<\/a> &amp; <a href=\"http:\/\/www.la-barraca.be\/amigangcortesengl.htm\" target=\"_blank\" rel=\"noopener noreferrer\">Miguel \u00c1ngel Cort\u00e9s<\/a>\u00a0\u21d3 [fandangos de Huelva]<\/h6>\n<p><iframe loading=\"lazy\" src=\"https:\/\/www.youtube.com\/embed\/JeJcylN9Ey4\" width=\"560\" height=\"315\" frameborder=\"0\" allowfullscreen=\"allowfullscreen\"><\/iframe><\/p>\n<p style=\"text-align: justify;\"><strong>Francisco Jos\u00e9 Arc\u00e1ngel Ramos<\/strong> was born in Huelva in 1977. At ten years of age he was already an artist, performing the &#8216;fandango\u00b4 styles of his homeland to perfection. Not surprisingly, on various occasions he won the prize that the Orden de Huelva Club organises yearly for the youngsters of the area, which motivated him to pursue a\u00a0singing career.<\/p>\n<p style=\"text-align: justify;\">He went to work in Sevilla at an early age, where he entered into contact with dance, currently practising this profession He sang for <a href=\"http:\/\/www.andalucia.org\/base\/public_redirect\/flamenco\/artist\/60362\/\" target=\"_blank\" rel=\"noopener noreferrer\">Cristina Hoyos<\/a>, <a href=\"http:\/\/www.andalucia.org\/base\/public_redirect\/flamenco\/artist\/60374\/\" target=\"_blank\" rel=\"noopener noreferrer\">Israel Galv\u00e1n<\/a>, <a href=\"http:\/\/www.andalucia.org\/base\/public_redirect\/flamenco\/artist\/60375\/\" target=\"_blank\" rel=\"noopener noreferrer\">Javier Bar\u00f3n<\/a>, <a href=\"http:\/\/www.andalucia.org\/base\/public_redirect\/flamenco\/artist\/60368\/\" target=\"_blank\" rel=\"noopener noreferrer\">El Pipa<\/a> and, above all, <a href=\"http:\/\/www.andalucia.org\/base\/public_redirect\/flamenco\/artist\/60369\/\" target=\"_blank\" rel=\"noopener noreferrer\">Eva la Yerbabuena<\/a>, to whose company he has belonged for years He became an established artist in the Biennial Flamenco Exhibition in 1998, where he was in demand by an infinite number of artists<\/p>\n<h6 style=\"text-align: center;\">\u25ca Arc\u00e1ngel &amp; Juan Carlos Romero \u00a0\u21d3 \u00a0&#8216;Los aires llevan mentiras&#8217; [sole\u00e1]<\/h6>\n<p style=\"text-align: center;\"><iframe loading=\"lazy\" src=\"\/\/www.youtube.com\/embed\/uDOihA9D75E\" width=\"560\" height=\"315\" frameborder=\"0\" allowfullscreen=\"allowfullscreen\"><\/iframe><\/p>\n<h6>\u2666 \u00a0Rancapino + Juan Carmona &#8216;Habichuela&#8217;\u00a0 \u21d3 \u00a0[Granaina + Malague\u00f1a del Mellizo]<\/h6>\n<p style=\"text-align: right;\">One of the virtues that I admire the most in Alonso is his humility. He has never bragged about anything, even as has every right to do so, as he basically invented\u00a0<i>temple<\/i>\u00a0in\u00a0<i>cante<\/i>. He\u2019s able to sing extremely slowly, like Curro Romero and Rafel de Paula used to bullfight, always taking\u00a0<i>comp\u00e1s<\/i>\u00a0to the right spot, vocalizing perfectly without screaming, because raising the voice is one thing, and hawking fish is quite another.<\/p>\n<p><iframe loading=\"lazy\" src=\"https:\/\/www.youtube.com\/embed\/YDEhf0E9qCk\" width=\"560\" height=\"315\" frameborder=\"0\" allowfullscreen=\"allowfullscreen\"><\/iframe><\/p>\n<p style=\"text-align: justify;\">Alonso N\u00fa\u00f1ez N\u00fa\u00f1ez. Chiclana de la Frontera (Cadiz), 1945. Gipsy deeply committed to the <em>jondo<\/em> way of life; totally given over to flamenco, which he has lived from his early childhood, a companion in adventures of Camar\u00f3n. They were very close when they used to go to the Venta de Vargas to wait for a meeting to earn a few pesetas. Then, when he began to work at the tablaos and festivals, their lives went different ways, as <strong>Rancapino<\/strong> has always been quite a modest singer, only attaining wider appreciation in recent years.<\/p>\n<h6 style=\"text-align: center;\">\u2666 \u00a0Rancapino + Jos\u00e9 Luis Postigo\u00a0 \u21d3\u00a0 [alegrias de Cadiz]<\/h6>\n<p style=\"text-align: center;\"><iframe loading=\"lazy\" src=\"https:\/\/www.youtube.com\/embed\/sti7EXrhSts\" width=\"560\" height=\"315\" frameborder=\"0\" allowfullscreen=\"allowfullscreen\"><\/iframe><\/p>\n<p style=\"text-align: justify;\"><span style=\"color: #003300;\"><span style=\"color: #003300;\"><span style=\"color: #ff0000;\"><a style=\"color: #ff0000;\" href=\"http:\/\/www.youtube.com\/watch?v=p9n04CPDE3I\" target=\"_blank\" rel=\"noopener noreferrer\"><strong>Alegr\u00edas<\/strong><\/a><\/span> is the best-known flamenco style from the <strong>canti\u00f1as<\/strong> group, and are the result of a fusion between the sole\u00e1 and a traditional song from Arag\u00f3n in Northern Spain called the &#8216;jota&#8217;. This process of fusion took place in C\u00e1diz during the resistance to the Napoleonic invasion of 1808, in the Peninsular Was for Spanish independence. Both the meter and the rhythmical structure match that of the sole\u00e1, with a different pattern of accentuation.<\/span><\/span><\/p>\n<h6 id=\"watch-headline-title\" style=\"text-align: right;\"><strong>\u2666\u2192\u00a0<a href=\"http:\/\/www.vicentesoto.com\/\" target=\"_blank\" rel=\"noopener noreferrer\">Vicente Soto \u00abSordera\u00bb<\/a><\/strong> \u00a0\u21d3 \u00abCoplas del Desagravio\u00bb (minera y cartagenera) [2018]<\/h6>\n<p style=\"text-align: right;\">\u00a0<iframe loading=\"lazy\" src=\"https:\/\/www.youtube.com\/embed\/dV3uxXOxRa4\" width=\"560\" height=\"315\" frameborder=\"0\" allowfullscreen=\"allowfullscreen\"><\/iframe><\/p>\n<h6>\u2666 \u00a0Miguel Poveda + Moraito (RIP) \u00a0\u21d3 \u00a0\u00abSeguiriyas\u00bb<\/h6>\n<p style=\"text-align: justify;\">Born <a class=\"name-link\" href=\"http:\/\/www.allmusic.com\/artist\/miguel-%C3ngel-poveda-le%C3%B3n-mn0000891331\" target=\"_blank\" rel=\"noopener noreferrer\">Miguel \u00c1ngel Poveda Le\u00f3n<\/a> in Barcelona on February 13, 1973, Poveda began singing publicly in 1988, accompanying his sister, flamenco dancer <a class=\"name-link\" href=\"http:\/\/www.allmusic.com\/artist\/sonia-poveda-mn0001457186\" target=\"_blank\" rel=\"noopener noreferrer\">Sonia Poveda<\/a>. He established himself as a rising star within the flamenco community after winning four prizes at the 1993 Festival Nacional del Cante de las Minas in La Uni\u00f3n, including the highest honor, La L\u00e1mpara Minera, as well as La Cartagenera, La Malague\u00f1a, and La Sole\u00e1. No one else had accomplished such a feat since Antonio Fern\u00e1ndez D\u00edaz (aka <a class=\"name-link\" href=\"http:\/\/www.allmusic.com\/artist\/fosforito-mn0000660372\" target=\"_blank\" rel=\"noopener noreferrer\">Fosforito<\/a>) in 1956, and the accomplishment was all the more noteworthy because, unlike most flamenco singers, Poveda is neither Andalusian nor Gipsy.<\/p>\n<p><iframe loading=\"lazy\" src=\"https:\/\/www.youtube.com\/embed\/S3ZZ3pH5Aow\" width=\"560\" height=\"315\" frameborder=\"0\" allowfullscreen=\"allowfullscreen\"><\/iframe><\/p>\n<p style=\"text-align: justify;\"><span style=\"color: #003300;\">The feeling of solemnity, the existentialism of the lyrics, the intense wailing of the &#8216;quej\u00edo&#8217;&#8230; these are the ingredients that make the <span style=\"color: #ff0000;\"><a style=\"color: #ff0000;\" href=\"http:\/\/canteytoque.es\/sigclas.htm\" target=\"_blank\" rel=\"noopener noreferrer\"><strong>seguiriya<\/strong><\/a><\/span> the very core of cante flamenco. The comp\u00e1s of this style is, as with the sole\u00e1, an amalgam of 3\/4 and 6\/8 time. The seguiriya, sigueriya or seguirilla takes its name from the Castilian &#8216;seguidila&#8217;, which is realated to, at least in terms of the lyrical structure.<\/span><\/p>\n<p style=\"text-align: justify;\"><span style=\"color: #003300;\">Closely related to the seguiriya is the <strong>cabal<\/strong>, a passage used to round off a series of seguiriyas, and which is sung with a different harmony (shifted to a major key). From the same family and with an identical comp\u00e1s structure come several other styles. The <span style=\"color: #ff0000;\"><a style=\"color: #ff0000;\" href=\"https:\/\/www.youtube.com\/watch?v=Ipde5NZ2wdE\" target=\"_blank\" rel=\"noopener noreferrer\"><strong>martinete<\/strong><\/a><\/span> is a style which originated in the forges, sung by the smiths. The <strong>debla<\/strong> is based on the framework laid down by Tom\u00e1s Pav\u00f3n, while <strong>ton\u00e1s<\/strong> have their roots in romances&#8230; Lastly there are the <strong>carceleras<\/strong> (jail songs), the difference here being that they are sung with no musical accompaniment.\u00a0<\/span><span style=\"color: #003300;\">Also related to the seguiriya we have the <strong>liviana<\/strong> and the <strong>serrana<\/strong>, originally with a pastoral theme. These cantes were folk songs which gradually acquired a flamenco flavor, and which have a fixed melody. <strong>Saetas<\/strong>, which are drawn from the songs of the Holy Week parades, are often sung in their flamenco version without music and utilizing a seguiriya or martinete structure. Flamenco dance por seguiriyas &#8211; as with the vocals &#8211; \u00a0is intimate, restrained, solemn and austere, and is one of the essential styles in the repertoire of the professional flamenco dancer.<\/span><\/p>\n<h6>\u2666 \u00a0Jos\u00e9 de la Tomasa &amp; Julian Estrada \u21d3\u00a0[Bienal Flamenco-Sevilla 2012]<\/h6>\n<p><iframe loading=\"lazy\" src=\"https:\/\/www.youtube.com\/embed\/biSmOkyfWv4\" width=\"560\" height=\"315\" frameborder=\"0\" allowfullscreen=\"allowfullscreen\"><\/iframe><\/p>\n<p style=\"text-align: justify;\"><strong>\u25ca \u00a0Antonio<\/strong> de los Santos Berm\u00fadez\u00a0<strong>Agujetas<\/strong> (born 1962), son of maestro Manuel Agujetas, interviewed by Jes\u00fas Quintero after doing time for twelve years. \u00a0The clip opens with some <em>&#8216;saetas&#8217;,<\/em> and closes with <em>&#8216;fandangos&#8217;<\/em>\u00a0\u2193<\/p>\n<p><iframe loading=\"lazy\" src=\"https:\/\/www.youtube.com\/embed\/YDFQ_9AZ1vc\" width=\"560\" height=\"315\" frameborder=\"0\" allowfullscreen=\"allowfullscreen\"><\/iframe><\/p>\n<p><em id=\"__mceDel\"> <iframe loading=\"lazy\" src=\"\/\/www.youtube.com\/embed\/x3RG1fOSDd8\" width=\"480\" height=\"360\" frameborder=\"0\" allowfullscreen=\"allowfullscreen\"><\/iframe><em id=\"__mceDel\"><em id=\"__mceDel\">\u2190<strong>carcelera<\/strong><\/em><\/em><\/em><\/p>\n<h5 style=\"text-align: center;\">\u2666\u00a0 Antonio N\u00fa\u00f1ez, el Chocolate\u00a0&amp; Antonio Carri\u00f3n\u00a0\u00a0\u21d3<\/h5>\n<p style=\"text-align: justify;\"><a href=\"http:\/\/www.youtube.com\/watch?v=58AU8SzLCZY\" target=\"_blank\" rel=\"noopener noreferrer\"><img loading=\"lazy\" decoding=\"async\" class=\" wp-image-25414 alignright\" src=\"http:\/\/www.eoisabi.org\/wp-content\/uploads\/2012\/03\/carnation.jpeg\" alt=\"carnation\" width=\"226\" height=\"223\" srcset=\"https:\/\/englishroam.com\/wp-content\/uploads\/2012\/03\/carnation.jpeg 226w, https:\/\/englishroam.com\/wp-content\/uploads\/2012\/03\/carnation-150x148.jpeg 150w\" sizes=\"auto, (max-width: 226px) 100vw, 226px\" \/><\/a><\/p>\n<p style=\"text-align: justify;\">Antonio N\u00fa\u00f1ez Montoya (1931-2005). Perhaps the most beautiful voice <strong>ever<\/strong>\u00a0to be heard in flamenco (though there&#8217;s no need for a beautiful voice to sing flamenco). He was a gipsy man born in Jerez de la Frontera (C\u00e1diz) and soon moved to Seville, which brings down a bit the natural rivalry between both flamenco Meccas&#8230;\u00a0He began to sing when he was nine, on the trains to Huelva or Alcal\u00e1 de Guadaira, suffering all the misery and sweat in the world, until he earned his first spondulicks one night at the Alameda de H\u00e9rcules in Seville:\u00a0<em>\u00abI would never leave that place\u00bb.<\/em><em id=\"__mceDel\"><em>\u00a0<\/em><\/em><\/p>\n<p style=\"text-align: justify;\"><span style=\"color: #003300;\">He perhaps left more of a personal mark on the <span style=\"color: #ff0000;\"><a style=\"color: #ff0000;\" href=\"https:\/\/www.youtube.com\/watch?v=58AU8SzLCZY\" target=\"_blank\" rel=\"noopener noreferrer\"><strong>fandango<\/strong><\/a><\/span> than any other singer, in long thirds with a most peculiar liaison.<em id=\"__mceDel\"> <em>\u00abThe fandango\u00bb,<\/em> he says, <em>\u00abare the carnations of Andalusia (&#8230;) The fandango is very difficult and beautiful to play; you have to get at its pellizco (pinch), and there are very few singers with that pinch, who transmit our cante to the aficionados and the profane, because it has to be transmitted to both. When a fandango is sung properly, it will reach anyone before. I had to learn to sing fandangos before being able to learn to sing sole\u00e1 or siguiriya &#8230;\u00bb.\u00a0<\/em><\/em><\/span><\/p>\n<p><iframe loading=\"lazy\" src=\"https:\/\/www.youtube.com\/embed\/FDqOqdTwh_4\" width=\"560\" height=\"315\" frameborder=\"0\" allowfullscreen=\"allowfullscreen\"><\/iframe><\/p>\n<p><strong>&#8211; seguiriyas de Manuel Torre \u00a0\u2193<\/strong><\/p>\n<p><iframe loading=\"lazy\" src=\"https:\/\/www.youtube.com\/embed\/ZS496Lh6F5s\" width=\"560\" height=\"315\" frameborder=\"0\" allowfullscreen=\"allowfullscreen\"><\/iframe><\/p>\n<h6 style=\"text-align: right;\"><b>\u2666\u00a0 <a href=\"http:\/\/www.rtve.es\/alacarta\/videos\/rito-y-geografia-del-cante\/rito-geografia-del-cante-fosforito\/1898577\/\" target=\"_blank\" rel=\"noopener noreferrer\">Antonio Fern\u00e1ndez D\u00edaz, &#8216;Fosforito&#8217;\u00a0<\/a> \u00a0\u21d4<a href=\"https:\/\/www.youtube.com\/watch?v=g39yypuENUI\" target=\"_blank\" rel=\"noopener noreferrer\"><img loading=\"lazy\" decoding=\"async\" class=\"alignright  wp-image-49073\" src=\"http:\/\/englishroam.com\/wp-content\/uploads\/2014\/07\/Fosforito.jpg\" alt=\"\" width=\"115\" height=\"115\" \/><\/a><\/b><\/h6>\n<p style=\"text-align: justify;\">Antonio Fern\u00e1ndez D\u00edaz, Fosforito, was born in Puente Genil in 1932 He is considered one of the maestro\u00b4s of song of the twentieth century He began to sing as a child, but his great leap occurred in Cordoba\u00b4s First National Competition of Flamenco Art, celebrated in 1956, where he won all the prizes. He rubbed shoulders in the fifties and sixties with maestros such as Pepe Pinto or Juan Valderrama, he sang in America to Manuela Vargas and travelled all the American coast in 1964 with the motive of the Universal Exposition along with his friend Juan Habichuela.<\/p>\n<h6 style=\"text-align: left;\"><span style=\"color: #800000;\">\u2666 \u00a0Diego el Cigala + Tomatito \u00a0\u2193 \u00a0[taranta]<\/span><\/h6>\n<p><iframe loading=\"lazy\" src=\"https:\/\/www.youtube.com\/embed\/Krq0jNGjGzQ\" width=\"560\" height=\"315\" frameborder=\"0\" allowfullscreen=\"allowfullscreen\"><\/iframe><\/p>\n<p style=\"text-align: justify;\">Born in Madrid in 1968, <strong>Diego<\/strong>\u00a0Jimenez Salazar\u00a0<em><strong>\u00abEl Cigala\u00bb<\/strong><\/em>\u00a0(the crawfish) comes from a family of artists, including his uncle Rafael Farina. He grew up in the area of the Madrid flea market, which was the scene of his first childhood engagements as a singer.<\/p>\n<h6 style=\"text-align: left;\"><a href=\"https:\/\/www.youtube.com\/watch?v=jeD1ci0AnbY\" target=\"_blank\" rel=\"noopener noreferrer\"><img loading=\"lazy\" decoding=\"async\" class=\"aligncenter wp-image-45249\" src=\"http:\/\/www.eoisabi.org\/wp-content\/uploads\/2012\/08\/D_Cigala_Morao.jpg\" alt=\"D_Cigala_Morao\" width=\"191\" height=\"143\" srcset=\"https:\/\/englishroam.com\/wp-content\/uploads\/2012\/08\/D_Cigala_Morao.jpg 255w, https:\/\/englishroam.com\/wp-content\/uploads\/2012\/08\/D_Cigala_Morao-150x112.jpg 150w\" sizes=\"auto, (max-width: 191px) 100vw, 191px\" \/><\/a><\/h6>\n<h6 style=\"text-align: left;\">\u2666 \u00a0<a href=\"http:\/\/www.elpele.com\/\" target=\"_blank\" rel=\"noopener noreferrer\">Manuel Moreno &#8216;El Pele<\/a>&#8216; \u00a0+ \u00a0Vicente Amigo\u00a0 \u21d3 \u00a0Solea\u00a0 [1990]<\/h6>\n<p><iframe loading=\"lazy\" src=\"https:\/\/www.youtube.com\/embed\/ou5SD19qaXw\" width=\"560\" height=\"315\" frameborder=\"0\" allowfullscreen=\"allowfullscreen\"><\/iframe><\/p>\n<h6>\u2666\u00a0 Cancanilla (de <del>Marbella<\/del> M\u00e1laga)\u00a0 \u21d3\u00a0 \u00a0Solea<\/h6>\n<p>guitarra =\u00a0 Jos\u00e9 Antonio N\u00fa\u00f1ez<\/p>\n<h6><iframe loading=\"lazy\" src=\"https:\/\/www.youtube.com\/embed\/VRn4GEN9H4g\" width=\"560\" height=\"315\" frameborder=\"0\" allowfullscreen=\"allowfullscreen\"><\/iframe><\/h6>\n<h6 style=\"text-align: left;\"><span style=\"color: #333399;\">\u2666 \u2192\u00a0<a href=\"http:\/\/bryanhemming.wordpress.com\/2242-2\/\" target=\"_blank\" rel=\"noopener noreferrer\">Camar\u00f3n<\/a> + Tomatito\u00a0\u2193 \u00a0Soleares de C\u00e1diz<\/span><\/h6>\n<p style=\"text-align: center;\"><iframe loading=\"lazy\" src=\"https:\/\/www.youtube.com\/embed\/43rxGsPf8Q8\" width=\"560\" height=\"315\" frameborder=\"0\" allowfullscreen=\"allowfullscreen\"><\/iframe><\/p>\n<address style=\"text-align: right;\"><span style=\"color: #00ff00;\">\u00a0<span style=\"color: #00ffff;\">\u00bbCamaron no muri\u00f3; se lo llev\u00f3 dios para que le cantase\u00bb<\/span><\/span><\/address>\n<p style=\"text-align: justify;\"><span style=\"color: #333399;\">When he started to become important and had evidently reached maturity, he began to introduce certain innovations in style in his performances, breaking the molds of tradition in a certain way; this was questioned, of course. But he was convinced that that might attract the youth and thus some would become involved in flamenco jondo. On one occasion he said to the author, <em>\u00abFlamenco has been made, but one may continue to create on top of what is made without deceit, without mystifying. Why do we all have to do the sole\u00e1 exactly the same, as if we were a record? If I can add something of my own, improve it, without detracting from what it is to sing the sole\u00e1, why should I not do so?\u00bb<a href=\"http:\/\/www.rtve.es\/rtve\/20120626\/camaron-isla-leyenda-del-flamenco\/385897.shtml\" target=\"_blank\" rel=\"noopener noreferrer\"><img loading=\"lazy\" decoding=\"async\" class=\"alignright wp-image-45406\" src=\"http:\/\/www.eoisabi.org\/wp-content\/uploads\/2014\/05\/R_I_P.png\" alt=\"R_I_P\" width=\"115\" height=\"141\" srcset=\"https:\/\/englishroam.com\/wp-content\/uploads\/2014\/05\/R_I_P.png 198w, https:\/\/englishroam.com\/wp-content\/uploads\/2014\/05\/R_I_P-122x150.png 122w\" sizes=\"auto, (max-width: 115px) 100vw, 115px\" \/><\/a><\/em><\/span><\/p>\n<p style=\"text-align: justify;\"><span style=\"color: #333399;\">Camar\u00f3n believed in the &#8216;<em>duende&#8217;<\/em> of cante, although he could not explain them very well: <em>\u00abI believe that duende may arise in all trades, although perhaps more in ours, in that of the Gipsies. However, it cannot be explained. I, suddenly, do things in cante that I had never done, and which I will never do again, because I would not know how to repeat them. That may be\u00bb.<\/em><\/span><\/p>\n<div style=\"text-align: right;\">\n<h6 id=\"watch-headline-title\">\u2207\u00a0 Homenaje a\u00a0\u00a0CAMAR\u00d3N DE LA ISLA\u00a0<em> [1950-1992]<\/em>\u00a0&#8211; Teatro\u00a0Falla &#8211; C\u00c1DIZ &#8211; 1994<\/h6>\n<p style=\"text-align: justify;\"><span style=\"color: #0000ff;\"><em id=\"__mceDel\" style=\"font-size: 13px;\"><a href=\"https:\/\/www.youtube.com\/watch?v=cIN8R5eYa3Y\" target=\"_blank\" rel=\"noopener noreferrer\"><img loading=\"lazy\" decoding=\"async\" class=\"alignleft size-full wp-image-24960\" src=\"http:\/\/englishroam.com\/wp-content\/uploads\/2012\/03\/manos.gif\" alt=\"\" width=\"157\" height=\"98\" \/><\/a>\u00abNeither before or now was there an echo like his. Where he placed his voice, there was gold. His ability to transmit was astonishing. He was a new sound in cante. He had a seal that will remain for eternity. <strong>Camar\u00f3n<\/strong>\u00a0has influenced all the singers of this time. He may possibly have influenced me as well, in some way, and I do not know how. Good things are always being received from artists like him, and although I have my personality, it is inevitable that Jos\u00e9\u2019s cante moved me, touched me. We were like brothers. We spent unforgettable times together. He hardly spoke to those he did not know well, although with the people he loved, he was amusing and had genial outbursts. He always appeared at my house with a smile on his face\u00bb.\u00a0<\/em><\/span><\/p>\n<div><span style=\"color: #0000ff;\"><strong>\u2192<a href=\"http:\/\/www.youtube.com\/watch?v=DhaN5DsyEbI\" target=\"_blank\" rel=\"noopener noreferrer\"><span style=\"color: #0000ff;\">Enrique Morente<\/span><\/a><\/strong>\u2190 \u00a0(1942-2010)<\/span><\/div>\n<h6 style=\"text-align: left;\"><a href=\"https:\/\/www.youtube.com\/watch?v=lirBBabYhFg\" target=\"_blank\" rel=\"noopener noreferrer\"><img loading=\"lazy\" decoding=\"async\" class=\"aligncenter size-full wp-image-46295\" src=\"http:\/\/www.eoisabi.org\/wp-content\/uploads\/2012\/08\/camaron-tomatito.jpg\" alt=\"camaron+tomatito\" width=\"266\" height=\"188\" srcset=\"https:\/\/englishroam.com\/wp-content\/uploads\/2012\/08\/camaron-tomatito.jpg 266w, https:\/\/englishroam.com\/wp-content\/uploads\/2012\/08\/camaron-tomatito-150x106.jpg 150w\" sizes=\"auto, (max-width: 266px) 100vw, 266px\" \/><\/a><\/h6>\n<\/div>\n<div style=\"text-align: right;\">\n<h6 style=\"text-align: left;\"><em>\u2665 \u00a0. . . Vamo&#8217; acordarno&#8217; de<\/em>\u00a0&#8230; \u00a0\u2193 \u00a0<a href=\"http:\/\/en.wikipedia.org\/wiki\/Chano_Lobato\" target=\"_blank\" rel=\"noopener noreferrer\">Chano Lobato<\/a> \u00a0[1927-2009]<\/h6>\n<p style=\"text-align: justify;\"><strong>Juan Miguel Ram\u00edrez Sarabia<\/strong> was born in C\u00e1diz in 1927. He started singing for fun along side La Perla de C\u00e1diz when he was still a child, for which reason he didn\u00b4t take long to become a professional. He first worked in commercial premises in his homeland, such as La Venta la Palma or La <a href=\"http:\/\/www.andalucia.org\/en\/cuisine\/cadiz\/venta-de-vargas\/\" target=\"_blank\" rel=\"noopener noreferrer\">Venta de Vargas<\/a>, making contact with his great teacher, <a href=\"http:\/\/www.andalucia.org\/base\/public_redirect\/flamenco\/artist\/60167\/\" target=\"_blank\" rel=\"noopener noreferrer\">Aurelio Sell\u00e9s<\/a> With whom he appeared in the Edgar Neville film <strong>Duende y misterio del flamenco.<\/strong><\/p>\n<p style=\"text-align: justify;\">His enormous command of rhythm, without comparison even now, has drawn the attention of many artists. On top of this, Chano is Silver Medal of Andalusia and favourite\u00a0son of C\u00e1diz and is considered one of the best flamenco artists in history.<\/p>\n<p><iframe loading=\"lazy\" src=\"https:\/\/www.youtube.com\/embed\/PfT8GVS9Aqg\" width=\"560\" height=\"315\" frameborder=\"0\" allowfullscreen=\"allowfullscreen\"><\/iframe><\/p>\n<h6 style=\"text-align: center;\">\u00a0\u03a6 \u00a0<a href=\"https:\/\/www.youtube.com\/watch?v=48g0_iPjD7A\" target=\"_blank\" rel=\"noopener noreferrer\">Paco Toronjo<\/a> \u00a0[1928-1998] \u00a0\u21d3 \u00a0Fandangos de Huelva (1991)<\/h6>\n<p style=\"text-align: center;\"><iframe loading=\"lazy\" src=\"\/\/www.youtube.com\/embed\/USmEZQBFCow\" width=\"560\" height=\"315\" frameborder=\"0\" allowfullscreen=\"allowfullscreen\"><\/iframe><\/p>\n<h6 style=\"text-align: left;\">. . . \u00a05 cantaores from Jerez \u00a0\u21d3<\/h6>\n<p style=\"text-align: right;\"><strong><a href=\"https:\/\/www.youtube.com\/watch?v=8TMT2Q6b510\" target=\"_blank\" rel=\"noopener noreferrer\">Luis El Zambo<\/a> + \u00a0<a href=\"https:\/\/www.youtube.com\/watch?v=9gGX0GUG90A\" target=\"_blank\" rel=\"noopener noreferrer\">El Torta<\/a> + <a href=\"https:\/\/www.youtube.com\/watch?v=-0_NbSzwo_U\" target=\"_blank\" rel=\"noopener noreferrer\">Manuel Moneo<\/a> + <a href=\"https:\/\/www.youtube.com\/watch?v=RUxjg5eH66s\" target=\"_blank\" rel=\"noopener noreferrer\">Manuel Agujetas<\/a> + <a href=\"https:\/\/www.youtube.com\/watch?v=VGmE4Wi2Gsc\" target=\"_blank\" rel=\"noopener noreferrer\">Capullo<\/a><\/strong><\/p>\n<p style=\"text-align: right;\"><iframe loading=\"lazy\" src=\"\/\/www.youtube.com\/embed\/nWiONrKhPhU\" width=\"480\" height=\"360\" frameborder=\"0\" allowfullscreen=\"allowfullscreen\"><\/iframe><\/p>\n<h4 style=\"text-align: center;\"><span style=\"color: #800000;\"><a href=\"https:\/\/www.youtube.com\/watch?v=1Ctj7a9ow8c\" target=\"_blank\" rel=\"noopener noreferrer\"><img loading=\"lazy\" decoding=\"async\" class=\"alignright size-full wp-image-42825\" src=\"http:\/\/www.eoisabi.org\/wp-content\/uploads\/2012\/03\/quijote.jpg\" alt=\"quijote\" width=\"193\" height=\"236\" srcset=\"https:\/\/englishroam.com\/wp-content\/uploads\/2012\/03\/quijote.jpg 193w, https:\/\/englishroam.com\/wp-content\/uploads\/2012\/03\/quijote-122x150.jpg 122w\" sizes=\"auto, (max-width: 193px) 100vw, 193px\" \/><\/a>\u00a4 \u00a0Flamenco \u00a0NOW!<\/span><\/h4>\n<h5 style=\"text-align: left;\">\u221e \u00a0<a href=\"https:\/\/www.youtube.com\/watch?v=hlBVvJyuaY0\" target=\"_blank\" rel=\"noopener noreferrer\">Ricardo Fern\u00e1ndez del Moral <\/a>\u00a0\u21d3<\/h5>\n<p style=\"text-align: justify;\">A non-gipsy, non-Andalusian &#8216;cantaor-tocaor&#8217;, challenging the traditional flamenco tandem\u00a0setup, Mr Ricardo Fern\u00e1ndez del Moral has just released his first album, \u2192<a href=\"https:\/\/www.youtube.com\/watch?v=YPPLaB4Z_x4\" target=\"_blank\" rel=\"noopener noreferrer\"><em><strong>\u00abYo solo\u00bb<\/strong> \u21d0<\/em><\/a>(2014), where he takes on both &#8216;cante&#8217; and &#8216;toque&#8217;.<\/p>\n<p style=\"text-align: justify;\">Like many other accomplished guitar players, he felt deep love for singing, and he backed lots of &#8216;cantaores&#8217; till he eventually decided to sing and play at the same time, a brave move awarded by the \u2192<a href=\"https:\/\/www.youtube.com\/watch?v=nLEpbnk95Y0\" target=\"_blank\" rel=\"noopener noreferrer\">&#8216;L\u00e1mpara minera&#8217; at la Uni\u00f3n 2012<\/a>\u00a0\u21d0<\/p>\n<p><strong>\u21d3 \u00a0 Soleares \u00a0<\/strong><\/p>\n<p style=\"text-align: center;\"><iframe loading=\"lazy\" src=\"\/\/www.youtube.com\/embed\/Uvyw3h7vN7w\" width=\"560\" height=\"315\" frameborder=\"0\" allowfullscreen=\"allowfullscreen\"><\/iframe><\/p>\n<h6 id=\"watch-headline-title\" class=\"yt\" style=\"color: #222222; text-align: center;\"><span id=\"eow-title\" class=\"watch-title \" dir=\"ltr\" title=\"David Lagos y Alfredo Lagos - Alegr\u00edas\">\u221e \u00a0<a href=\"http:\/\/davidlagos.com\/en\/\" target=\"_blank\" rel=\"noopener noreferrer\">David Lagos<\/a> &amp; Alfredo Lagos \u21d3\u00a0Alegr\u00edas \u00a0[2013]<\/span><\/h6>\n<p><iframe loading=\"lazy\" src=\"\/\/www.youtube.com\/embed\/GS_PhaBHWXA\" width=\"560\" height=\"315\" frameborder=\"0\" allowfullscreen=\"allowfullscreen\"><\/iframe><\/p>\n<h6 id=\"watch-headline-title\" class=\"yt\" style=\"color: #222222; text-align: center;\"><span id=\"eow-title\" class=\"watch-title \" dir=\"ltr\" title=\"guajiras Maria Jose Perez.avi\">\u2665 \u00a0Maria Jose Perez \u00a0\u21d3 Guajiras \u00a0[2012]<\/span><\/h6>\n<p><iframe loading=\"lazy\" src=\"\/\/www.youtube.com\/embed\/gbkIsu3P1mc\" width=\"560\" height=\"315\" frameborder=\"0\" allowfullscreen=\"allowfullscreen\"><\/iframe><\/p>\n<h6 style=\"text-align: center;\">\u2666\u2192 \u00a0<a href=\"https:\/\/www.youtube.com\/watch?v=5G8RQbMbbY0\" target=\"_blank\" rel=\"noopener noreferrer\">Miguel de Tena<\/a>\u00a0 \u21d3\u00a0 [fandangos \/ buler\u00edas] &#8211; 2011<\/h6>\n<div id=\"watch-description-text\">\n<p><iframe loading=\"lazy\" src=\"https:\/\/www.youtube.com\/embed\/V9Nsotf35gA\" width=\"560\" height=\"315\" frameborder=\"0\" allowfullscreen=\"allowfullscreen\"><\/iframe><\/p>\n<\/div>\n<p><strong>Antonio Carri\u00f3n<\/strong> [g] +\u00a0Laura de los Angeles [p] +\u00a0Luis Dorado &amp; Joaquin Gonzales [handclaps = <em>palmas<\/em>]<\/p>\n<h6 style=\"text-align: left;\">\u2666 \u00a0Antonio Reyes &amp; Antonio Carri\u00f3n \u00a0\u21d3 \u00a0sole\u00e1 \u00a0[2014]<\/h6>\n<p><iframe loading=\"lazy\" src=\"https:\/\/www.youtube.com\/embed\/a2dnReVcu94\" width=\"560\" height=\"315\" frameborder=\"0\" allowfullscreen=\"allowfullscreen\"><\/iframe><\/p>\n<h6 class=\"yt watch-title-container\"><span id=\"eow-title\" class=\"watch-title \" dir=\"ltr\" title=\"REUNI\u00d3N EN LA PUEBLA 2013. Antonio Reyes. (Tangos) Gtr. Antonio Higuero ) 3\u00ba\">\u2666 \u00a0Antonio Reyes &amp; Antonio Higuero \u00a0\u21d3 \u00a0Tangos \u00a0[2013]<\/span><\/h6>\n<p><iframe loading=\"lazy\" src=\"https:\/\/www.youtube.com\/embed\/5n5awj3Y2mc\" width=\"560\" height=\"315\" frameborder=\"0\" allowfullscreen=\"allowfullscreen\"><\/iframe><\/p>\n<h6 id=\"watch-headline-title\" class=\"yt\" style=\"color: #222222;\"><span id=\"eow-title\" class=\"watch-title \" dir=\"ltr\" title=\"Sebastian Cruz - fandango\">\u03a6 \u00a0 Sebastian Cruz \u00a0\u21d3 \u00a0fandango<\/span><\/h6>\n<p><iframe loading=\"lazy\" src=\"\/\/www.youtube.com\/embed\/C30wZpwggWo\" width=\"480\" height=\"360\" frameborder=\"0\" allowfullscreen=\"allowfullscreen\"><\/iframe><\/p>\n<\/div>\n<h6 id=\"watch-headline-title\" class=\"yt\" style=\"color: #222222;\"><span id=\"eow-title\" class=\"watch-title \" dir=\"ltr\" title=\"Sebastian Cruz - fandango\">\u03a6\u00a0 \u00a0 I<\/span>srael Fern\u00e1ndez, Diego Del Morao\u00a0<span id=\"eow-title\" class=\"watch-title \" dir=\"ltr\" title=\"Sebastian Cruz - fandango\">\u00a0\u21d3\u00a0\u00a0<\/span><a href=\"https:\/\/www.youtube.com\/watch?v=CVwuhETRlv8\" target=\"_blank\" rel=\"noopener\">La Inocencia\u00a0<\/a>\u00a0 \u2190[2021]<\/h6>\n<p><iframe loading=\"lazy\" title=\"YouTube video player\" src=\"https:\/\/www.youtube.com\/embed\/CVwuhETRlv8\" width=\"560\" height=\"315\" frameborder=\"0\" allowfullscreen=\"allowfullscreen\"><\/iframe><\/p>\n","protected":false},"excerpt":{"rendered":"<p style=\"text-align: justify;\">\n<p style=\"text-align: justify;\">There are very few examples of art forms which combine extremes in such a compelling way: joy and grief, life and death, discipline and spontaneity, the inner self and the gregarious mass . . . <\/p>\n<p style=\"text-align: justify;\">The thing about flamenco is that even though it&#8217;s very popular music, [&#8230;]<\/p>\n","protected":false},"author":28,"featured_media":24047,"comment_status":"open","ping_status":"closed","sticky":false,"template":"","format":"standard","meta":{"footnotes":""},"categories":[180,293],"tags":[200,201,225],"class_list":["post-24046","post","type-post","status-publish","format-standard","has-post-thumbnail","hentry","category-vid","category-music-2","tag-documentary","tag-link","tag-live-music","odd"],"_links":{"self":[{"href":"https:\/\/englishroam.com\/index.php?rest_route=\/wp\/v2\/posts\/24046","targetHints":{"allow":["GET"]}}],"collection":[{"href":"https:\/\/englishroam.com\/index.php?rest_route=\/wp\/v2\/posts"}],"about":[{"href":"https:\/\/englishroam.com\/index.php?rest_route=\/wp\/v2\/types\/post"}],"author":[{"embeddable":true,"href":"https:\/\/englishroam.com\/index.php?rest_route=\/wp\/v2\/users\/28"}],"replies":[{"embeddable":true,"href":"https:\/\/englishroam.com\/index.php?rest_route=%2Fwp%2Fv2%2Fcomments&post=24046"}],"version-history":[{"count":289,"href":"https:\/\/englishroam.com\/index.php?rest_route=\/wp\/v2\/posts\/24046\/revisions"}],"predecessor-version":[{"id":55740,"href":"https:\/\/englishroam.com\/index.php?rest_route=\/wp\/v2\/posts\/24046\/revisions\/55740"}],"wp:featuredmedia":[{"embeddable":true,"href":"https:\/\/englishroam.com\/index.php?rest_route=\/wp\/v2\/media\/24047"}],"wp:attachment":[{"href":"https:\/\/englishroam.com\/index.php?rest_route=%2Fwp%2Fv2%2Fmedia&parent=24046"}],"wp:term":[{"taxonomy":"category","embeddable":true,"href":"https:\/\/englishroam.com\/index.php?rest_route=%2Fwp%2Fv2%2Fcategories&post=24046"},{"taxonomy":"post_tag","embeddable":true,"href":"https:\/\/englishroam.com\/index.php?rest_route=%2Fwp%2Fv2%2Ftags&post=24046"}],"curies":[{"name":"wp","href":"https:\/\/api.w.org\/{rel}","templated":true}]}}